{"id":273,"date":"2015-12-29T01:12:56","date_gmt":"2015-12-29T00:12:56","guid":{"rendered":"http:\/\/www.chiesavaldesepalermo.it\/pa\/?p=273"},"modified":"2016-01-02T19:10:53","modified_gmt":"2016-01-02T18:10:53","slug":"sermone-27-12-2015","status":"publish","type":"post","link":"https:\/\/www.chiesavaldesepalermo.it\/pa\/sermone-27-12-2015\/","title":{"rendered":"Sermone del 27 Dicembre 2015"},"content":{"rendered":"<p>Luca 2, 21-32<\/p>\n<p><span style=\"font-weight: 400;\">Il vangelo di Luca ci dice due cose apparentemente contraddittorie sul piccolo Ges\u00f9. Solo apparentemente.<\/span><\/p>\n<p><span style=\"font-weight: 400;\">La prima \u00e8 che Ges\u00f9 era un bambino normale, come gli altri. Un bambino inserito in una famiglia e in una tradizione etnico-religiosa. Ges\u00f9 \u00e8 un neonato ebreo e, come tutti i neonati ebrei, deve essere circonciso.<\/span><\/p>\n<p><span style=\"font-weight: 400;\">Angeli, pastori, nascita miracolosa, figlio di Dio. Niente, niente di tutto questo \u00e8 sufficiente a negare a Ges\u00f9 il diritto e il dovere di seguire le usanze del suo popolo. \u00c8 scritto nella Legge di Mos\u00e8, e Giuseppe e Maria portano il piccolo Ges\u00f9 a Gerusalemme, al Tempio, per presentarlo al Signore, per consacrarlo a Dio.<\/span><\/p>\n<p><span style=\"font-weight: 400;\">Se ci pensiamo un attimo \u00e8 curioso: che senso ha presentare a Dio il Figlio di Dio? Il senso \u00e8 che, per quanto speciale, anzi specialissimo, Ges\u00f9 era un bambino come gli altri.<\/span><\/p>\n<p><span style=\"font-weight: 400;\">Questa \u00e8 la prima cosa. La seconda \u00e8 che, per quanto normale, Ges\u00f9 era speciale. Il piccolo Ges\u00f9 non doveva apparire cos\u00ec diverso dagli altri neonati che venivano presentati al tempio. Chiss\u00e0 quanti ne vedevano, l\u00ec al Tempio. La storia raccontata da Luca ci dice che c\u2019era un uomo, di nome Simeone, un uomo anziano, che aspettava di vedere la salvezza d\u2019Israele. Il suo ruolo sembra essere analogo a quello del marinaio che aspetta nella coffa dell\u2019albero maestro di vedere per primo la terra. Ges\u00f9 era la terra promessa che Simeone aspettava di scorgere per primo.<\/span><\/p>\n<p><span style=\"font-weight: 400;\">Ecco le due cose apparentemente contraddittorie: Ges\u00f9 era un bambino come gli altri, Ges\u00f9 era diverso dagli altri bambini. Dicevamo, apparentemente. La teologia cristiana si spiega questa contraddizione con l\u2019incarnazione. In Ges\u00f9 la natura umana co-esiste con la natura divina, la normalit\u00e0 e la straordinariet\u00e0 convivevano. E questo \u00e8 il dogma, questo \u00e8 uno dei fondamenti della fede cristiana.<\/span><\/p>\n<p><span style=\"font-weight: 400;\">Se ci riflettiamo un momento, vediamo che anche per noi, per uomini e donne che non sono Dio, che non lo sono mai stati, nemmeno da bambini, le cose stanno esattamente cos\u00ec. Siamo uguali agli altri, un bambino non \u00e8 sostanzialmente diverso dagli altri bambini, eppure siamo diversi, siamo speciali, ognuno e ognuno di noi \u00e8 speciale, \u00e8 speciale per qualcuno.<\/span><\/p>\n<p><span style=\"font-weight: 400;\">Si chiama amore. Non so se possiamo chiamarlo l\u2019Amore con la A maiuscola, ma si chiama comunque amore. Quando una persona ci ama, ci sceglie tra tante. Siamo tutti e tutte uguali, eppure c\u2019\u00e8 qualcuno che ci sceglie e, se chiediamo \u00abPerch\u00e9 mi hai scelto?\u00bb, probabilmente la nostra curiosit\u00e0 rimarr\u00e0 inappagata. \u00abPerch\u00e9 mi hai scelto?\u00bb \u00abPerch\u00e9 s\u00ec\u00bb \u00e8 la risposta pi\u00f9 vera che potremmo ricevere. Ti ho scelto perch\u00e9 sei speciale. \u00abE perch\u00e9 sono speciale?\u00bb \u00a0\u00abPerch\u00e9 ti ho scelto\u00bb. Punto.<\/span><\/p>\n<p><span style=\"font-weight: 400;\">\u00c8 cos\u00ec per i nostri bambini, uguali agli altri, ma quanto sono speciali per i genitori? E quanto devono frenarsi i genitori per non esaltare questo loro sentimento? Immaginatevi ancora Giuseppe e Maria, che sanno che il piccolo Ges\u00f9 \u00e8 molto speciale e a come si sforzino a serbare nel loro cuore le parole meravigliose che vengono loro annunciate su loro figlio.<\/span><\/p>\n<p><span style=\"font-weight: 400;\">Immaginatevi come entrano nel Tempio di Gerusalemme, mischiandosi tra la folla, senza farsi notare. Nei quadri, negli affreschi, questi personaggi hanno un\u2019aureola che li evidenzia: nella vita reale non ci sono aureole. Per quanto situata nel Tempio, la scena di cui stiamo parlando doveva essere molto meno sacra e pi\u00f9 prosaica di quanto non ce l\u2019abbia fatta immaginare Hollywood, con cori di angeli e fasci di luce che seguono ogni passo di Ges\u00f9, anche quando ancora non sa camminare.<\/span><\/p>\n<p><span style=\"font-weight: 400;\">Giuseppe e Maria stanno per entrare nel Tempio e, sorpresa, un vecchio a loro probabilmente sconosciuto si avvicina e gli prende il bambino dalle braccia, per abbracciarlo, per baciarlo, per benedirlo e, infine, per lodare Dio. Una lode talmente bella da essere diventata un salmo, uno dei tre salmi \u2014 gli altri due sono quello di Zaccaria e quello di Maria \u2014 con cui si apre il vangelo di Luca, il <\/span><i><span style=\"font-weight: 400;\">Nunc<\/span><\/i> <i><span style=\"font-weight: 400;\">Dimittis<\/span><\/i><span style=\"font-weight: 400;\">.<\/span><\/p>\n<p><span style=\"font-weight: 400;\">\u00abOra, o mio Signore, tu lasci andare in pace il tuo servo, secondo la tua parola; perch\u00e9 i miei occhi hanno visto la tua salvezza, che hai preparata dinanzi a tutti i popoli per essere luce da illuminare le genti e gloria del tuo popolo Israele\u00bb.<\/span><\/p>\n<p><span style=\"font-weight: 400;\">\u00abTu lasci andare in pace il tuo servo secondo la tua parola\u00bb: le promesse sono compiute, posso andare in pace. C\u2019\u00e8 un appagamento raro in queste parole di Simeone. Spesso le parole umane sono piene di rimpianti, in particolare pi\u00f9 avanzano gli anni: \u201cavrei potuto fare questo\u201d oppure \u201ccome stavo bene una volta\u201d, sono tra i pensieri che possono venire in mente a chi fa un bilancio della vita. Simeone invece \u00e8 appagato, \u00e8 soddisfatto: i suoi occhi hanno visto quello che dovevano vedere per lasciarlo soddisfatto.Hanno visto la salvezza. Il testo ci dice che Simeone era in attesa di vedere la consolazione di Israele, ma quando vede Ges\u00f9, egli vede la luce che illumina l\u2019intera umanit\u00e0. Non c\u2019\u00e8 nient\u2019altro da vedere per Simeone. I suoi occhi hanno visto in un bambino normale, come gli altri, un bambino speciale, anzi il pi\u00f9 speciale di tutti.<\/span><\/p>\n<p><span style=\"font-weight: 400;\">Poi lo restituisce ai genitori, che sono ovviamente meravigliati. Riprendono il loro bambino speciale e lo portano a compiere le ordinarie prescrizioni della Legge. Ges\u00f9 non cessa di essere un bambino come gli altri. Amato in maniera particolare da Dio. Amato in maniera particolare da Giuseppe e Maria. E, allo stesso tempo, noi non veniamo a sapere praticamente pi\u00f9 nulla della sua infanzia, a parte l\u2019episodio dei 12 anni, sempre al Tempio.<\/span><\/p>\n<p><span style=\"font-weight: 400;\">Ordinari e speciali: in Dio questa contraddizione si scioglie, perch\u00e9 ai suoi occhi siamo tutti uguali e tutti speciali. Ci ama indistintamente e ci ama personalmente. Tutti e tutte.<\/span><\/p>\n<p><span style=\"font-weight: 400;\">Oggi abbiamo celebrato un doppio battesimo e una presentazione. Oggi, con procedure \u2014 passatemi il termine \u2014 ordinarie, previste, abbiamo celebrato il duplice carattere di bambini normali e speciali. Restiamo in attesa con fiducia che loro prenderanno coscienza del loro essere uguali agli altri bambini \u2014 e questo \u00e8 il compito nostro \u2014 e del loro essere speciali, perch\u00e9 amati personalmente da Dio \u2014 e questo \u00e8 compito, appunto, di Dio; noi possiamo solo testimoniare l\u2019amore che abbiamo ricevuto.<\/span><\/p>\n<p><span style=\"font-weight: 400;\">Restiamo nella speranza che anche loro un giorno possano dire con Simeone: \u00abI miei occhi hanno visto la salvezza\u00bb. Bambini come gli altri, esseri umani speciali perch\u00e9 amati da Dio.<\/span><\/p>\n","protected":false},"excerpt":{"rendered":"<p>Luca 2, 21-32 Il vangelo di Luca ci dice due cose apparentemente contraddittorie sul piccolo Ges\u00f9. Solo apparentemente. La prima \u00e8 che Ges\u00f9 era un bambino normale, come gli altri. [&hellip;]<\/p>\n","protected":false},"author":1,"featured_media":0,"comment_status":"open","ping_status":"closed","sticky":false,"template":"","format":"standard","meta":{"_EventAllDay":false,"_EventTimezone":"","_EventStartDate":"","_EventEndDate":"","_EventStartDateUTC":"","_EventEndDateUTC":"","_EventShowMap":false,"_EventShowMapLink":false,"_EventURL":"","_EventCost":"","_EventCostDescription":"","_EventCurrencySymbol":"","_EventCurrencyCode":"","_EventCurrencyPosition":"","_EventDateTimeSeparator":"","_EventTimeRangeSeparator":"","_EventOrganizerID":[],"_EventVenueID":[],"_OrganizerEmail":"","_OrganizerPhone":"","_OrganizerWebsite":"","_VenueAddress":"","_VenueCity":"","_VenueCountry":"","_VenueProvince":"","_VenueState":"","_VenueZip":"","_VenuePhone":"","_VenueURL":"","_VenueStateProvince":"","_VenueLat":"","_VenueLng":"","_VenueShowMap":false,"_VenueShowMapLink":false,"footnotes":""},"categories":[5],"tags":[],"class_list":{"0":"post-273","1":"post","2":"type-post","3":"status-publish","4":"format-standard","6":"category-predicazioni","7":"czr-hentry"},"yoast_head":"<!-- This site is optimized with the Yoast SEO plugin v27.5 - https:\/\/yoast.com\/product\/yoast-seo-wordpress\/ -->\n<title>Sermone del 27 Dicembre 2015 - Chiesa Valdese Palermo<\/title>\n<meta name=\"robots\" content=\"index, follow, max-snippet:-1, max-image-preview:large, max-video-preview:-1\" \/>\n<link rel=\"canonical\" href=\"https:\/\/www.chiesavaldesepalermo.it\/pa\/sermone-27-12-2015\/\" \/>\n<meta property=\"og:locale\" content=\"it_IT\" \/>\n<meta property=\"og:type\" content=\"article\" \/>\n<meta property=\"og:title\" content=\"Sermone del 27 Dicembre 2015 - Chiesa Valdese Palermo\" \/>\n<meta property=\"og:description\" content=\"Luca 2, 21-32 Il vangelo di Luca ci dice due cose apparentemente contraddittorie sul piccolo Ges\u00f9. Solo apparentemente. La prima \u00e8 che Ges\u00f9 era un bambino normale, come gli altri. [&hellip;]\" \/>\n<meta property=\"og:url\" content=\"https:\/\/www.chiesavaldesepalermo.it\/pa\/sermone-27-12-2015\/\" \/>\n<meta property=\"og:site_name\" content=\"Chiesa Valdese Palermo\" \/>\n<meta property=\"article:publisher\" content=\"https:\/\/www.facebook.com\/chiesavaldese.dipalermo\/\" \/>\n<meta property=\"article:published_time\" content=\"2015-12-29T00:12:56+00:00\" \/>\n<meta property=\"article:modified_time\" content=\"2016-01-02T18:10:53+00:00\" \/>\n<meta name=\"author\" content=\"Sergio Nuzzo\" \/>\n<meta name=\"twitter:card\" content=\"summary_large_image\" \/>\n<meta name=\"twitter:creator\" content=\"@ValdesePa\" \/>\n<meta name=\"twitter:site\" content=\"@ValdesePa\" \/>\n<meta name=\"twitter:label1\" content=\"Scritto da\" \/>\n\t<meta name=\"twitter:data1\" content=\"Sergio Nuzzo\" \/>\n\t<meta name=\"twitter:label2\" content=\"Tempo di lettura stimato\" \/>\n\t<meta name=\"twitter:data2\" content=\"5 minuti\" \/>\n<script type=\"application\/ld+json\" class=\"yoast-schema-graph\">{\"@context\":\"https:\\\/\\\/schema.org\",\"@graph\":[{\"@type\":\"Article\",\"@id\":\"https:\\\/\\\/www.chiesavaldesepalermo.it\\\/pa\\\/sermone-27-12-2015\\\/#article\",\"isPartOf\":{\"@id\":\"https:\\\/\\\/www.chiesavaldesepalermo.it\\\/pa\\\/sermone-27-12-2015\\\/\"},\"author\":{\"name\":\"Sergio Nuzzo\",\"@id\":\"https:\\\/\\\/www.chiesavaldesepalermo.it\\\/pa\\\/#\\\/schema\\\/person\\\/7b68164ea66acf9d88295e923f614607\"},\"headline\":\"Sermone del 27 Dicembre 2015\",\"datePublished\":\"2015-12-29T00:12:56+00:00\",\"dateModified\":\"2016-01-02T18:10:53+00:00\",\"mainEntityOfPage\":{\"@id\":\"https:\\\/\\\/www.chiesavaldesepalermo.it\\\/pa\\\/sermone-27-12-2015\\\/\"},\"wordCount\":1041,\"commentCount\":13,\"publisher\":{\"@id\":\"https:\\\/\\\/www.chiesavaldesepalermo.it\\\/pa\\\/#organization\"},\"articleSection\":[\"Predicazioni\"],\"inLanguage\":\"it-IT\",\"potentialAction\":[{\"@type\":\"CommentAction\",\"name\":\"Comment\",\"target\":[\"https:\\\/\\\/www.chiesavaldesepalermo.it\\\/pa\\\/sermone-27-12-2015\\\/#respond\"]}]},{\"@type\":\"WebPage\",\"@id\":\"https:\\\/\\\/www.chiesavaldesepalermo.it\\\/pa\\\/sermone-27-12-2015\\\/\",\"url\":\"https:\\\/\\\/www.chiesavaldesepalermo.it\\\/pa\\\/sermone-27-12-2015\\\/\",\"name\":\"Sermone del 27 Dicembre 2015 - Chiesa Valdese Palermo\",\"isPartOf\":{\"@id\":\"https:\\\/\\\/www.chiesavaldesepalermo.it\\\/pa\\\/#website\"},\"datePublished\":\"2015-12-29T00:12:56+00:00\",\"dateModified\":\"2016-01-02T18:10:53+00:00\",\"breadcrumb\":{\"@id\":\"https:\\\/\\\/www.chiesavaldesepalermo.it\\\/pa\\\/sermone-27-12-2015\\\/#breadcrumb\"},\"inLanguage\":\"it-IT\",\"potentialAction\":[{\"@type\":\"ReadAction\",\"target\":[\"https:\\\/\\\/www.chiesavaldesepalermo.it\\\/pa\\\/sermone-27-12-2015\\\/\"]}]},{\"@type\":\"BreadcrumbList\",\"@id\":\"https:\\\/\\\/www.chiesavaldesepalermo.it\\\/pa\\\/sermone-27-12-2015\\\/#breadcrumb\",\"itemListElement\":[{\"@type\":\"ListItem\",\"position\":1,\"name\":\"Home\",\"item\":\"https:\\\/\\\/www.chiesavaldesepalermo.it\\\/pa\\\/\"},{\"@type\":\"ListItem\",\"position\":2,\"name\":\"Sermone del 27 Dicembre 2015\"}]},{\"@type\":\"WebSite\",\"@id\":\"https:\\\/\\\/www.chiesavaldesepalermo.it\\\/pa\\\/#website\",\"url\":\"https:\\\/\\\/www.chiesavaldesepalermo.it\\\/pa\\\/\",\"name\":\"Chiesa Valdese Palermo\",\"description\":\"Portale online della chiesa valdese di Palermo\",\"publisher\":{\"@id\":\"https:\\\/\\\/www.chiesavaldesepalermo.it\\\/pa\\\/#organization\"},\"potentialAction\":[{\"@type\":\"SearchAction\",\"target\":{\"@type\":\"EntryPoint\",\"urlTemplate\":\"https:\\\/\\\/www.chiesavaldesepalermo.it\\\/pa\\\/?s={search_term_string}\"},\"query-input\":{\"@type\":\"PropertyValueSpecification\",\"valueRequired\":true,\"valueName\":\"search_term_string\"}}],\"inLanguage\":\"it-IT\"},{\"@type\":\"Organization\",\"@id\":\"https:\\\/\\\/www.chiesavaldesepalermo.it\\\/pa\\\/#organization\",\"name\":\"Chiesa Valdese di Palermo\",\"url\":\"https:\\\/\\\/www.chiesavaldesepalermo.it\\\/pa\\\/\",\"logo\":{\"@type\":\"ImageObject\",\"inLanguage\":\"it-IT\",\"@id\":\"https:\\\/\\\/www.chiesavaldesepalermo.it\\\/pa\\\/#\\\/schema\\\/logo\\\/image\\\/\",\"url\":\"https:\\\/\\\/www.chiesavaldesepalermo.it\\\/pa\\\/wp-content\\\/uploads\\\/2021\\\/01\\\/chiesa-valdese-min-scaled.jpg\",\"contentUrl\":\"https:\\\/\\\/www.chiesavaldesepalermo.it\\\/pa\\\/wp-content\\\/uploads\\\/2021\\\/01\\\/chiesa-valdese-min-scaled.jpg\",\"width\":2560,\"height\":1570,\"caption\":\"Chiesa Valdese di Palermo\"},\"image\":{\"@id\":\"https:\\\/\\\/www.chiesavaldesepalermo.it\\\/pa\\\/#\\\/schema\\\/logo\\\/image\\\/\"},\"sameAs\":[\"https:\\\/\\\/www.facebook.com\\\/chiesavaldese.dipalermo\\\/\",\"https:\\\/\\\/x.com\\\/ValdesePa\",\"https:\\\/\\\/it.pinterest.com\\\/chiesavaldesepalermo\\\/\",\"https:\\\/\\\/it.wikipedia.org\\\/wiki\\\/Chiesa_evangelica_valdese#\\\/media\\\/File:Palermo-Chiesa-Valdese-bjs2007-01.jpg\"]},{\"@type\":\"Person\",\"@id\":\"https:\\\/\\\/www.chiesavaldesepalermo.it\\\/pa\\\/#\\\/schema\\\/person\\\/7b68164ea66acf9d88295e923f614607\",\"name\":\"Sergio Nuzzo\",\"image\":{\"@type\":\"ImageObject\",\"inLanguage\":\"it-IT\",\"@id\":\"https:\\\/\\\/secure.gravatar.com\\\/avatar\\\/efeeeca169e26cb50add21e8f0bacb132030eaf7d1560f755a7a50acdfc58799?s=96&d=mm&r=g\",\"url\":\"https:\\\/\\\/secure.gravatar.com\\\/avatar\\\/efeeeca169e26cb50add21e8f0bacb132030eaf7d1560f755a7a50acdfc58799?s=96&d=mm&r=g\",\"contentUrl\":\"https:\\\/\\\/secure.gravatar.com\\\/avatar\\\/efeeeca169e26cb50add21e8f0bacb132030eaf7d1560f755a7a50acdfc58799?s=96&d=mm&r=g\",\"caption\":\"Sergio Nuzzo\"},\"url\":\"https:\\\/\\\/www.chiesavaldesepalermo.it\\\/pa\\\/author\\\/sergiowp\\\/\"}]}<\/script>\n<!-- \/ Yoast SEO plugin. -->","yoast_head_json":{"title":"Sermone del 27 Dicembre 2015 - Chiesa Valdese Palermo","robots":{"index":"index","follow":"follow","max-snippet":"max-snippet:-1","max-image-preview":"max-image-preview:large","max-video-preview":"max-video-preview:-1"},"canonical":"https:\/\/www.chiesavaldesepalermo.it\/pa\/sermone-27-12-2015\/","og_locale":"it_IT","og_type":"article","og_title":"Sermone del 27 Dicembre 2015 - Chiesa Valdese Palermo","og_description":"Luca 2, 21-32 Il vangelo di Luca ci dice due cose apparentemente contraddittorie sul piccolo Ges\u00f9. Solo apparentemente. La prima \u00e8 che Ges\u00f9 era un bambino normale, come gli altri. [&hellip;]","og_url":"https:\/\/www.chiesavaldesepalermo.it\/pa\/sermone-27-12-2015\/","og_site_name":"Chiesa Valdese Palermo","article_publisher":"https:\/\/www.facebook.com\/chiesavaldese.dipalermo\/","article_published_time":"2015-12-29T00:12:56+00:00","article_modified_time":"2016-01-02T18:10:53+00:00","author":"Sergio Nuzzo","twitter_card":"summary_large_image","twitter_creator":"@ValdesePa","twitter_site":"@ValdesePa","twitter_misc":{"Scritto da":"Sergio Nuzzo","Tempo di lettura stimato":"5 minuti"},"schema":{"@context":"https:\/\/schema.org","@graph":[{"@type":"Article","@id":"https:\/\/www.chiesavaldesepalermo.it\/pa\/sermone-27-12-2015\/#article","isPartOf":{"@id":"https:\/\/www.chiesavaldesepalermo.it\/pa\/sermone-27-12-2015\/"},"author":{"name":"Sergio Nuzzo","@id":"https:\/\/www.chiesavaldesepalermo.it\/pa\/#\/schema\/person\/7b68164ea66acf9d88295e923f614607"},"headline":"Sermone del 27 Dicembre 2015","datePublished":"2015-12-29T00:12:56+00:00","dateModified":"2016-01-02T18:10:53+00:00","mainEntityOfPage":{"@id":"https:\/\/www.chiesavaldesepalermo.it\/pa\/sermone-27-12-2015\/"},"wordCount":1041,"commentCount":13,"publisher":{"@id":"https:\/\/www.chiesavaldesepalermo.it\/pa\/#organization"},"articleSection":["Predicazioni"],"inLanguage":"it-IT","potentialAction":[{"@type":"CommentAction","name":"Comment","target":["https:\/\/www.chiesavaldesepalermo.it\/pa\/sermone-27-12-2015\/#respond"]}]},{"@type":"WebPage","@id":"https:\/\/www.chiesavaldesepalermo.it\/pa\/sermone-27-12-2015\/","url":"https:\/\/www.chiesavaldesepalermo.it\/pa\/sermone-27-12-2015\/","name":"Sermone del 27 Dicembre 2015 - Chiesa Valdese Palermo","isPartOf":{"@id":"https:\/\/www.chiesavaldesepalermo.it\/pa\/#website"},"datePublished":"2015-12-29T00:12:56+00:00","dateModified":"2016-01-02T18:10:53+00:00","breadcrumb":{"@id":"https:\/\/www.chiesavaldesepalermo.it\/pa\/sermone-27-12-2015\/#breadcrumb"},"inLanguage":"it-IT","potentialAction":[{"@type":"ReadAction","target":["https:\/\/www.chiesavaldesepalermo.it\/pa\/sermone-27-12-2015\/"]}]},{"@type":"BreadcrumbList","@id":"https:\/\/www.chiesavaldesepalermo.it\/pa\/sermone-27-12-2015\/#breadcrumb","itemListElement":[{"@type":"ListItem","position":1,"name":"Home","item":"https:\/\/www.chiesavaldesepalermo.it\/pa\/"},{"@type":"ListItem","position":2,"name":"Sermone del 27 Dicembre 2015"}]},{"@type":"WebSite","@id":"https:\/\/www.chiesavaldesepalermo.it\/pa\/#website","url":"https:\/\/www.chiesavaldesepalermo.it\/pa\/","name":"Chiesa Valdese Palermo","description":"Portale online della chiesa valdese di Palermo","publisher":{"@id":"https:\/\/www.chiesavaldesepalermo.it\/pa\/#organization"},"potentialAction":[{"@type":"SearchAction","target":{"@type":"EntryPoint","urlTemplate":"https:\/\/www.chiesavaldesepalermo.it\/pa\/?s={search_term_string}"},"query-input":{"@type":"PropertyValueSpecification","valueRequired":true,"valueName":"search_term_string"}}],"inLanguage":"it-IT"},{"@type":"Organization","@id":"https:\/\/www.chiesavaldesepalermo.it\/pa\/#organization","name":"Chiesa Valdese di Palermo","url":"https:\/\/www.chiesavaldesepalermo.it\/pa\/","logo":{"@type":"ImageObject","inLanguage":"it-IT","@id":"https:\/\/www.chiesavaldesepalermo.it\/pa\/#\/schema\/logo\/image\/","url":"https:\/\/www.chiesavaldesepalermo.it\/pa\/wp-content\/uploads\/2021\/01\/chiesa-valdese-min-scaled.jpg","contentUrl":"https:\/\/www.chiesavaldesepalermo.it\/pa\/wp-content\/uploads\/2021\/01\/chiesa-valdese-min-scaled.jpg","width":2560,"height":1570,"caption":"Chiesa Valdese di Palermo"},"image":{"@id":"https:\/\/www.chiesavaldesepalermo.it\/pa\/#\/schema\/logo\/image\/"},"sameAs":["https:\/\/www.facebook.com\/chiesavaldese.dipalermo\/","https:\/\/x.com\/ValdesePa","https:\/\/it.pinterest.com\/chiesavaldesepalermo\/","https:\/\/it.wikipedia.org\/wiki\/Chiesa_evangelica_valdese#\/media\/File:Palermo-Chiesa-Valdese-bjs2007-01.jpg"]},{"@type":"Person","@id":"https:\/\/www.chiesavaldesepalermo.it\/pa\/#\/schema\/person\/7b68164ea66acf9d88295e923f614607","name":"Sergio Nuzzo","image":{"@type":"ImageObject","inLanguage":"it-IT","@id":"https:\/\/secure.gravatar.com\/avatar\/efeeeca169e26cb50add21e8f0bacb132030eaf7d1560f755a7a50acdfc58799?s=96&d=mm&r=g","url":"https:\/\/secure.gravatar.com\/avatar\/efeeeca169e26cb50add21e8f0bacb132030eaf7d1560f755a7a50acdfc58799?s=96&d=mm&r=g","contentUrl":"https:\/\/secure.gravatar.com\/avatar\/efeeeca169e26cb50add21e8f0bacb132030eaf7d1560f755a7a50acdfc58799?s=96&d=mm&r=g","caption":"Sergio Nuzzo"},"url":"https:\/\/www.chiesavaldesepalermo.it\/pa\/author\/sergiowp\/"}]}},"_links":{"self":[{"href":"https:\/\/www.chiesavaldesepalermo.it\/pa\/wp-json\/wp\/v2\/posts\/273","targetHints":{"allow":["GET"]}}],"collection":[{"href":"https:\/\/www.chiesavaldesepalermo.it\/pa\/wp-json\/wp\/v2\/posts"}],"about":[{"href":"https:\/\/www.chiesavaldesepalermo.it\/pa\/wp-json\/wp\/v2\/types\/post"}],"author":[{"embeddable":true,"href":"https:\/\/www.chiesavaldesepalermo.it\/pa\/wp-json\/wp\/v2\/users\/1"}],"replies":[{"embeddable":true,"href":"https:\/\/www.chiesavaldesepalermo.it\/pa\/wp-json\/wp\/v2\/comments?post=273"}],"version-history":[{"count":1,"href":"https:\/\/www.chiesavaldesepalermo.it\/pa\/wp-json\/wp\/v2\/posts\/273\/revisions"}],"predecessor-version":[{"id":274,"href":"https:\/\/www.chiesavaldesepalermo.it\/pa\/wp-json\/wp\/v2\/posts\/273\/revisions\/274"}],"wp:attachment":[{"href":"https:\/\/www.chiesavaldesepalermo.it\/pa\/wp-json\/wp\/v2\/media?parent=273"}],"wp:term":[{"taxonomy":"category","embeddable":true,"href":"https:\/\/www.chiesavaldesepalermo.it\/pa\/wp-json\/wp\/v2\/categories?post=273"},{"taxonomy":"post_tag","embeddable":true,"href":"https:\/\/www.chiesavaldesepalermo.it\/pa\/wp-json\/wp\/v2\/tags?post=273"}],"curies":[{"name":"wp","href":"https:\/\/api.w.org\/{rel}","templated":true}]}}