{"id":402,"date":"2016-03-11T19:52:18","date_gmt":"2016-03-11T18:52:18","guid":{"rendered":"http:\/\/www.chiesavaldesepalermo.it\/pa\/?p=402"},"modified":"2016-03-11T19:52:18","modified_gmt":"2016-03-11T18:52:18","slug":"sermone-del-6-marzo-2016","status":"publish","type":"post","link":"https:\/\/www.chiesavaldesepalermo.it\/pa\/sermone-del-6-marzo-2016\/","title":{"rendered":"Sermone del 6 Marzo 2016"},"content":{"rendered":"<blockquote><p><span style=\"font-weight: 400;\">\u201cBenedetto sia il Dio e Padre del nostro Signore Ges\u00f9 Cristo, il quale ci consola in ogni nostra afflizione, affinch\u00e9, mediante la consolazione con la quale siamo noi stessi da Dio consolati, possiamo consolare quelli che si trovano in qualunque afflizione; perch\u00e9, come abbondano in noi le sofferenze di Cristo, cos\u00ec, per mezzo di Cristo, abbonda anche la nostra consolazione. Perci\u00f2 se siamo afflitti, \u00e8 per la vostra consolazione e salvezza; se siamo consolati, \u00e8 per la vostra consolazione, la quale opera efficacemente nel farvi capaci di sopportare le stesse sofferenze che anche noi sopportiamo. La nostra speranza nei vostri riguardi \u00e8 salda, sapendo che, come siete partecipi delle sofferenze, siete anche partecipi della consolazione\u201d.\u00a0<\/span><span style=\"font-weight: 400;\">(2 Corinzi 1, 3-7)<\/span><\/p><\/blockquote>\n<p><span style=\"font-weight: 400;\">Perch\u00e9 facciamo parte di una chiesa cristiana, di una comunit\u00e0 di fratelli e sorelle, come la nostra? Perch\u00e9 come credenti evangelici ci riuniamo insieme? Perch\u00e9 passiamo una parte del nostro tempo nella comunit\u00e0, anzich\u00e9 in qualche altro ambiente? Perch\u00e9 riteniamo di doverci incontrare tra di noi, e non solo la domenica, magari tralasciando altre attivit\u00e0? Certamente perch\u00e9 siamo uniti dalla stessa fede in Dio e in Cristo; certamente perch\u00e9 sentiamo il bisogno di ascoltare la predicazione della Parola di Dio; certamente perch\u00e9 ci sentiamo chiamati a un medesimo compito che \u00e8 quello della proclamazione dell\u2019evangelo di Cristo; certamente perch\u00e9 ci riconosciamo in una medesima storia di fede e di testimonianza, perch\u00e9 condividiamo una medesima visione della vita e del mondo; certamente perch\u00e9 ci conosciamo tra di noi e stiamo bene insieme, perch\u00e9 per noi lo stare insieme \u00e8 fonte di gioia e di benessere, secondo le parole del salmo 133: <\/span><i><span style=\"font-weight: 400;\">quant\u2019\u00e8 buono e quant\u2019\u00e8 piacevole che i fratelli vivano insieme<\/span><\/i><span style=\"font-weight: 400;\">. <\/span><\/p>\n<p><span style=\"font-weight: 400;\">Sono tanti i motivi per i quali noi stiamo insieme, per i quali nonostante tutto continuiamo a stare insieme, anche se dobbiamo riconoscere che ci\u00f2 non accade pi\u00f9 come una volta, quando si conduceva una vita diversa, pi\u00f9 sobria, pi\u00f9 tranquilla, volta pi\u00f9 all\u2019unione, alla fraternit\u00e0, all\u2019amicizia che non alla semplice conoscenza, e non si era presi da troppi interessi, distratti da troppe attrazioni, storditi e disorientati dalla congerie di sollecitazioni visive e uditive dei mezzi di comunicazione di massa. Comunque sia, nel brano che stiamo meditando l\u2019apostolo Paolo ci mette di fronte a un altro motivo al quale forse non pensiamo abbastanza, di fronte a un motivo fondamentale che \u00e8 costituito dalla necessit\u00e0 della consolazione reciproca.<\/span><\/p>\n<p><span style=\"font-weight: 400;\">L\u2019apostolo Paolo ci parla di una consolazione particolare, che lui stesso ha sperimentato e che anche ognuno di noi pu\u00f2 dare agli altri perch\u00e9 l\u2019ha ricevuta direttamente da Dio, \u201c<\/span><i><span style=\"font-weight: 400;\">il quale ci consola in ogni nostra afflizione, affinch\u00e9, mediante la consolazione con la quale siamo noi stessi consolati, possiamo consolare quelli che si trovano in qualunque afflizione<\/span><\/i><span style=\"font-weight: 400;\">\u201d. Noi, dunque, possiamo consolare i nostri fratelli e le nostre sorelle perch\u00e9 siamo stati consolati da Dio e perci\u00f2 possiamo comunicare a chi soffre non solo parole e gesti di compassione, ma anche e soprattutto la nostra esperienza di consolazione, cio\u00e8 possiamo suscitare la speranza e la fiducia in chi soffre rendendolo partecipe della consapevolezza che noi abbiamo di essere destinatari della grazia di Dio.<\/span><\/p>\n<p><span style=\"font-weight: 400;\">La consolazione sta al centro del messaggio di tutta la Bibbia. E ci\u00f2 possiamo constatarlo, oltre che nelle parole del brano che stiamo meditando, anche nelle parole del profeta Isaia, in cui Dio \u00e8 presentato come consolatore del suo popolo: \u201c<\/span><i><span style=\"font-weight: 400;\">Io, io sono colui che vi consola<\/span><\/i><span style=\"font-weight: 400;\">\u201d, e ancora: \u201c<\/span><i><span style=\"font-weight: 400;\">Il Signore consola il suo popolo e ha piet\u00e0 dei suoi afflitti<\/span><\/i><span style=\"font-weight: 400;\">\u201d. Nel salmo 23 \u00e8 detto, con parole rivolte a Dio, che tutti conosciamo: \u201c<\/span><i><span style=\"font-weight: 400;\">Quand&#8217;anche camminassi nella valle dell&#8217;ombra della morte, io non temerei alcun male, perch\u00e9 tu sei con me; il tuo bastone e la tua verga sono quelli che mi consolano<\/span><\/i><span style=\"font-weight: 400;\">\u201d. Inoltre, nel vangelo di Luca Ges\u00f9 \u00e8 annunziato come \u201c<\/span><i><span style=\"font-weight: 400;\">la consolazione d\u2019Israele<\/span><\/i><span style=\"font-weight: 400;\">\u201d attesa dal vecchio Simeone, e nel vangelo di Giovanni lo Spirito Santo promesso da Ges\u00f9 \u00e8 chiamato \u201c<\/span><i><span style=\"font-weight: 400;\">il Consolatore<\/span><\/i><span style=\"font-weight: 400;\">\u201d, perch\u00e9 l\u2019opera che Dio compie per mezzo del suo Spirito \u00e8 anche essenzialmente un\u2019opera di consolazione. Infine, nella prima lettera ai Tessalonicesi l\u2019apostolo Paolo cos\u00ec esorta i fratelli: \u201c<\/span><i><span style=\"font-weight: 400;\">Perci\u00f2, consolatevi a vicenda ed edificatevi gli uni gli altri, come d\u2019altronde gi\u00e0 fate<\/span><\/i><span style=\"font-weight: 400;\">\u201d.<\/span><\/p>\n<p><span style=\"font-weight: 400;\">La comunit\u00e0 dei credenti in Ges\u00f9 Cristo \u00e8 il luogo in cui la consolazione non solo \u00e8 possibile, ma \u00e8 anche necessaria, perch\u00e9 proprio per mezzo della consolazione reciproca si manifesta la fraternit\u00e0, l\u2019amore fraterno. La consolazione infatti ci fa stare vicino a chi soffre, e parlare con lui e ascoltarlo e aiutarlo a sopportare meglio la sua sofferenza. La consolazione fa s\u00ec che chi soffre intraveda una luce in fondo al tunnel della sua sofferenza, fa s\u00ec che chi soffre percepisca una ragione di resistenza alla disperazione, fa s\u00ec che in chi soffre non venga meno la fede e non sorga la tentazione di rinchiudersi nella solitudine del suo dolore e abbandonare la comunione fraterna, fa s\u00ec che chi soffre riacquisti il suo equilibrio, la sua serenit\u00e0 e la sua voglia di vivere. <\/span><\/p>\n<p><span style=\"font-weight: 400;\">Tuttavia dobbiamo confessare che non \u00e8 facile per noi consolare chi soffre, e talvolta, come gli amici di Giobbe, rischiamo di essere dei \u201c<\/span><i><span style=\"font-weight: 400;\">consolatori molesti<\/span><\/i><span style=\"font-weight: 400;\">\u201d che non riescono a consolare chi soffre, ma solo a infastidirlo. Altre volte non riusciamo a consolare perch\u00e9 siamo noi a star male, a soffrire per una ragione qualsiasi, e allora ci disinteressiamo degli altri. Altre volte ancora non riusciamo a farlo perch\u00e9 siamo esitanti e non ci riteniamo capaci di operare efficacemente. In tutti questi casi per\u00f2 dimentichiamo che in realt\u00e0 non siamo noi a consolare, ma \u00e8 Dio il quale dopo il tempo della prova viene a rincuorarci e a rinvigorire la nostra esistenza. <\/span><\/p>\n<p><span style=\"font-weight: 400;\">Se teniamo presente questo particolare importante: cio\u00e8, che \u00e8 Dio il vero consolatore e noi siamo solo suoi strumenti, allora possiamo consolare i fratelli e le sorelle che si trovano nella sofferenza sia fisica che morale e spirituale. Possiamo farlo non solo aiutandoli, se \u00e8 necessario, materialmente con la nostra vicinanza, con la nostra sollecitudine e con la nostra disponibilit\u00e0 al servizio, ma anche \u201c<\/span><i><span style=\"font-weight: 400;\">mediante la consolazione delle Scritture<\/span><\/i><span style=\"font-weight: 400;\">\u201d, leggendo loro un salmo o un insegnamento o un\u2019esortazione, soprattutto presentando loro l\u2019esempio di Ges\u00f9 Cristo, il quale ha sofferto per tutti noi fino alla morte sulla croce e per mezzo del quale Dio \u201c<\/span><i><span style=\"font-weight: 400;\">ci ha dato per la sua grazia una consolazione eterna<\/span><\/i><span style=\"font-weight: 400;\">\u201d. <\/span><\/p>\n<p><span style=\"font-weight: 400;\">Nella nostra epoca pi\u00f9 che mai \u00e8 indispensabile la consolazione, proprio perch\u00e9 sono tante, troppe, le condizioni di sofferenza che si presentano nella nostra esistenza. Ci sono sofferenze di grandi proporzioni che riguardano intere popolazioni, di cui veniamo a conoscenza attraverso le notizie dei giornali o le scene di violenza e di sangue diffuse dalla televisione: centinaia di migliaia di persone, uomini donne e bambini, che sono perseguitate e oppresse, che sono costrette a lasciare le loro case e il loro paese a causa della fame o della guerra e che spesso finiscono per morire annegate in mare o vengono crudelmente respinte alla frontiera da chi delle loro sofferenze e del loro bisogno di aiuto non gli importa nulla. Per queste sofferenze collettive cos\u00ec immani, come singoli non possiamo fare altro che pregare Dio, affinch\u00e9 esse abbiano fine al pi\u00f9 presto. <\/span><\/p>\n<p><span style=\"font-weight: 400;\">Ma ci sono sofferenze di minori proporzioni, che ci riguardano da vicino e che perci\u00f2 ci toccano in maniera diversa, ma altrettanto se non pi\u00f9 dolorosamente. Si tratta dei casi di lutto e di malattia che possono colpire ciascuno di noi o dei nostri familiari o dei nostri amici; si tratta anche dei casi di miseria e di privazione, di disagio morale e materiale, di abbattimento e di sconforto in cui ognuno di noi pu\u00f2 venirsi a trovare. Ebbene, proprio in questi casi tutti abbiamo bisogno pi\u00f9 che mai di consolazione, quella consolazione che pu\u00f2 avvenire solo nell\u2019ambito di una comunit\u00e0 di credenti in Ges\u00f9 Cristo perch\u00e9 proviene innanzi tutto da Dio che \u00e8 \u201c<\/span><i><span style=\"font-weight: 400;\">Padre misericordioso e Dio di ogni consolazione<\/span><\/i><span style=\"font-weight: 400;\">\u201d. <\/span><\/p>\n<p><span style=\"font-weight: 400;\">\u00c8 dunque nostro compito, come chiesa cristiana, come comunit\u00e0 di fratelli e sorelle in Cristo, praticare quello che possiamo chiamare \u201cil ministero della consolazione\u201d, in un tempo in cui abbonda l\u2019indifferenza e persino il disprezzo nei confronti di chi ha bisogno di aiuto, di chi \u00e8 oppresso dal dolore e dalla sofferenza, di chi si trova in condizioni disperate; non guardando solo alle nostre afflizioni o ai nostri bisogni, ma anche alle afflizioni e ai bisogni degli altri. Perci\u00f2 \u201c<\/span><i><span style=\"font-weight: 400;\">lo stesso Signore nostro Ges\u00f9 Cristo e Dio nostro Padre che ci ha amati e ci ha dato per la sua grazia una consolazione eterna e una buona speranza, consoli i nostri cuori e ci confermi in ogni opera buona e in ogni buona parola<\/span><\/i><span style=\"font-weight: 400;\">\u201d. Amen.<\/span><\/p>\n<p><span style=\"font-weight: 400;\">Renato Salvaggio<\/span><\/p>\n","protected":false},"excerpt":{"rendered":"<p>\u201cBenedetto sia il Dio e Padre del nostro Signore Ges\u00f9 Cristo, il quale ci consola in ogni nostra afflizione, affinch\u00e9, mediante la consolazione con la quale siamo noi stessi da [&hellip;]<\/p>\n","protected":false},"author":1,"featured_media":0,"comment_status":"open","ping_status":"closed","sticky":false,"template":"","format":"standard","meta":{"_EventAllDay":false,"_EventTimezone":"","_EventStartDate":"","_EventEndDate":"","_EventStartDateUTC":"","_EventEndDateUTC":"","_EventShowMap":false,"_EventShowMapLink":false,"_EventURL":"","_EventCost":"","_EventCostDescription":"","_EventCurrencySymbol":"","_EventCurrencyCode":"","_EventCurrencyPosition":"","_EventDateTimeSeparator":"","_EventTimeRangeSeparator":"","_EventOrganizerID":[],"_EventVenueID":[],"_OrganizerEmail":"","_OrganizerPhone":"","_OrganizerWebsite":"","_VenueAddress":"","_VenueCity":"","_VenueCountry":"","_VenueProvince":"","_VenueState":"","_VenueZip":"","_VenuePhone":"","_VenueURL":"","_VenueStateProvince":"","_VenueLat":"","_VenueLng":"","_VenueShowMap":false,"_VenueShowMapLink":false,"footnotes":""},"categories":[5],"tags":[],"class_list":{"0":"post-402","1":"post","2":"type-post","3":"status-publish","4":"format-standard","6":"category-predicazioni","7":"czr-hentry"},"yoast_head":"<!-- This site is optimized with the Yoast SEO plugin v27.4 - https:\/\/yoast.com\/product\/yoast-seo-wordpress\/ -->\n<title>Sermone del 6 Marzo 2016 - Chiesa Valdese Palermo<\/title>\n<meta name=\"robots\" content=\"index, follow, max-snippet:-1, max-image-preview:large, max-video-preview:-1\" \/>\n<link rel=\"canonical\" href=\"https:\/\/www.chiesavaldesepalermo.it\/pa\/sermone-del-6-marzo-2016\/\" \/>\n<meta property=\"og:locale\" content=\"it_IT\" \/>\n<meta property=\"og:type\" content=\"article\" \/>\n<meta property=\"og:title\" content=\"Sermone del 6 Marzo 2016 - Chiesa Valdese Palermo\" \/>\n<meta property=\"og:description\" content=\"\u201cBenedetto sia il Dio e Padre del nostro Signore Ges\u00f9 Cristo, il quale ci consola in ogni nostra afflizione, affinch\u00e9, mediante la consolazione con la quale siamo noi stessi da [&hellip;]\" \/>\n<meta property=\"og:url\" content=\"https:\/\/www.chiesavaldesepalermo.it\/pa\/sermone-del-6-marzo-2016\/\" \/>\n<meta property=\"og:site_name\" content=\"Chiesa Valdese Palermo\" \/>\n<meta property=\"article:publisher\" content=\"https:\/\/www.facebook.com\/chiesavaldese.dipalermo\/\" \/>\n<meta property=\"article:published_time\" content=\"2016-03-11T18:52:18+00:00\" \/>\n<meta name=\"author\" content=\"Sergio Nuzzo\" \/>\n<meta name=\"twitter:card\" content=\"summary_large_image\" \/>\n<meta name=\"twitter:creator\" content=\"@ValdesePa\" \/>\n<meta name=\"twitter:site\" content=\"@ValdesePa\" \/>\n<meta name=\"twitter:label1\" content=\"Scritto da\" \/>\n\t<meta name=\"twitter:data1\" content=\"Sergio Nuzzo\" \/>\n\t<meta name=\"twitter:label2\" content=\"Tempo di lettura stimato\" \/>\n\t<meta name=\"twitter:data2\" content=\"7 minuti\" \/>\n<script type=\"application\/ld+json\" class=\"yoast-schema-graph\">{\"@context\":\"https:\\\/\\\/schema.org\",\"@graph\":[{\"@type\":\"Article\",\"@id\":\"https:\\\/\\\/www.chiesavaldesepalermo.it\\\/pa\\\/sermone-del-6-marzo-2016\\\/#article\",\"isPartOf\":{\"@id\":\"https:\\\/\\\/www.chiesavaldesepalermo.it\\\/pa\\\/sermone-del-6-marzo-2016\\\/\"},\"author\":{\"name\":\"Sergio Nuzzo\",\"@id\":\"https:\\\/\\\/www.chiesavaldesepalermo.it\\\/pa\\\/#\\\/schema\\\/person\\\/7b68164ea66acf9d88295e923f614607\"},\"headline\":\"Sermone del 6 Marzo 2016\",\"datePublished\":\"2016-03-11T18:52:18+00:00\",\"mainEntityOfPage\":{\"@id\":\"https:\\\/\\\/www.chiesavaldesepalermo.it\\\/pa\\\/sermone-del-6-marzo-2016\\\/\"},\"wordCount\":1436,\"commentCount\":4,\"publisher\":{\"@id\":\"https:\\\/\\\/www.chiesavaldesepalermo.it\\\/pa\\\/#organization\"},\"articleSection\":[\"Predicazioni\"],\"inLanguage\":\"it-IT\",\"potentialAction\":[{\"@type\":\"CommentAction\",\"name\":\"Comment\",\"target\":[\"https:\\\/\\\/www.chiesavaldesepalermo.it\\\/pa\\\/sermone-del-6-marzo-2016\\\/#respond\"]}]},{\"@type\":\"WebPage\",\"@id\":\"https:\\\/\\\/www.chiesavaldesepalermo.it\\\/pa\\\/sermone-del-6-marzo-2016\\\/\",\"url\":\"https:\\\/\\\/www.chiesavaldesepalermo.it\\\/pa\\\/sermone-del-6-marzo-2016\\\/\",\"name\":\"Sermone del 6 Marzo 2016 - Chiesa Valdese Palermo\",\"isPartOf\":{\"@id\":\"https:\\\/\\\/www.chiesavaldesepalermo.it\\\/pa\\\/#website\"},\"datePublished\":\"2016-03-11T18:52:18+00:00\",\"breadcrumb\":{\"@id\":\"https:\\\/\\\/www.chiesavaldesepalermo.it\\\/pa\\\/sermone-del-6-marzo-2016\\\/#breadcrumb\"},\"inLanguage\":\"it-IT\",\"potentialAction\":[{\"@type\":\"ReadAction\",\"target\":[\"https:\\\/\\\/www.chiesavaldesepalermo.it\\\/pa\\\/sermone-del-6-marzo-2016\\\/\"]}]},{\"@type\":\"BreadcrumbList\",\"@id\":\"https:\\\/\\\/www.chiesavaldesepalermo.it\\\/pa\\\/sermone-del-6-marzo-2016\\\/#breadcrumb\",\"itemListElement\":[{\"@type\":\"ListItem\",\"position\":1,\"name\":\"Home\",\"item\":\"https:\\\/\\\/www.chiesavaldesepalermo.it\\\/pa\\\/\"},{\"@type\":\"ListItem\",\"position\":2,\"name\":\"Sermone del 6 Marzo 2016\"}]},{\"@type\":\"WebSite\",\"@id\":\"https:\\\/\\\/www.chiesavaldesepalermo.it\\\/pa\\\/#website\",\"url\":\"https:\\\/\\\/www.chiesavaldesepalermo.it\\\/pa\\\/\",\"name\":\"Chiesa Valdese Palermo\",\"description\":\"Portale online della chiesa valdese di Palermo\",\"publisher\":{\"@id\":\"https:\\\/\\\/www.chiesavaldesepalermo.it\\\/pa\\\/#organization\"},\"potentialAction\":[{\"@type\":\"SearchAction\",\"target\":{\"@type\":\"EntryPoint\",\"urlTemplate\":\"https:\\\/\\\/www.chiesavaldesepalermo.it\\\/pa\\\/?s={search_term_string}\"},\"query-input\":{\"@type\":\"PropertyValueSpecification\",\"valueRequired\":true,\"valueName\":\"search_term_string\"}}],\"inLanguage\":\"it-IT\"},{\"@type\":\"Organization\",\"@id\":\"https:\\\/\\\/www.chiesavaldesepalermo.it\\\/pa\\\/#organization\",\"name\":\"Chiesa Valdese di Palermo\",\"url\":\"https:\\\/\\\/www.chiesavaldesepalermo.it\\\/pa\\\/\",\"logo\":{\"@type\":\"ImageObject\",\"inLanguage\":\"it-IT\",\"@id\":\"https:\\\/\\\/www.chiesavaldesepalermo.it\\\/pa\\\/#\\\/schema\\\/logo\\\/image\\\/\",\"url\":\"https:\\\/\\\/www.chiesavaldesepalermo.it\\\/pa\\\/wp-content\\\/uploads\\\/2021\\\/01\\\/chiesa-valdese-min-scaled.jpg\",\"contentUrl\":\"https:\\\/\\\/www.chiesavaldesepalermo.it\\\/pa\\\/wp-content\\\/uploads\\\/2021\\\/01\\\/chiesa-valdese-min-scaled.jpg\",\"width\":2560,\"height\":1570,\"caption\":\"Chiesa Valdese di Palermo\"},\"image\":{\"@id\":\"https:\\\/\\\/www.chiesavaldesepalermo.it\\\/pa\\\/#\\\/schema\\\/logo\\\/image\\\/\"},\"sameAs\":[\"https:\\\/\\\/www.facebook.com\\\/chiesavaldese.dipalermo\\\/\",\"https:\\\/\\\/x.com\\\/ValdesePa\",\"https:\\\/\\\/it.pinterest.com\\\/chiesavaldesepalermo\\\/\",\"https:\\\/\\\/it.wikipedia.org\\\/wiki\\\/Chiesa_evangelica_valdese#\\\/media\\\/File:Palermo-Chiesa-Valdese-bjs2007-01.jpg\"]},{\"@type\":\"Person\",\"@id\":\"https:\\\/\\\/www.chiesavaldesepalermo.it\\\/pa\\\/#\\\/schema\\\/person\\\/7b68164ea66acf9d88295e923f614607\",\"name\":\"Sergio Nuzzo\",\"image\":{\"@type\":\"ImageObject\",\"inLanguage\":\"it-IT\",\"@id\":\"https:\\\/\\\/secure.gravatar.com\\\/avatar\\\/efeeeca169e26cb50add21e8f0bacb132030eaf7d1560f755a7a50acdfc58799?s=96&d=mm&r=g\",\"url\":\"https:\\\/\\\/secure.gravatar.com\\\/avatar\\\/efeeeca169e26cb50add21e8f0bacb132030eaf7d1560f755a7a50acdfc58799?s=96&d=mm&r=g\",\"contentUrl\":\"https:\\\/\\\/secure.gravatar.com\\\/avatar\\\/efeeeca169e26cb50add21e8f0bacb132030eaf7d1560f755a7a50acdfc58799?s=96&d=mm&r=g\",\"caption\":\"Sergio Nuzzo\"},\"url\":\"https:\\\/\\\/www.chiesavaldesepalermo.it\\\/pa\\\/author\\\/sergiowp\\\/\"}]}<\/script>\n<!-- \/ Yoast SEO plugin. -->","yoast_head_json":{"title":"Sermone del 6 Marzo 2016 - Chiesa Valdese Palermo","robots":{"index":"index","follow":"follow","max-snippet":"max-snippet:-1","max-image-preview":"max-image-preview:large","max-video-preview":"max-video-preview:-1"},"canonical":"https:\/\/www.chiesavaldesepalermo.it\/pa\/sermone-del-6-marzo-2016\/","og_locale":"it_IT","og_type":"article","og_title":"Sermone del 6 Marzo 2016 - Chiesa Valdese Palermo","og_description":"\u201cBenedetto sia il Dio e Padre del nostro Signore Ges\u00f9 Cristo, il quale ci consola in ogni nostra afflizione, affinch\u00e9, mediante la consolazione con la quale siamo noi stessi da [&hellip;]","og_url":"https:\/\/www.chiesavaldesepalermo.it\/pa\/sermone-del-6-marzo-2016\/","og_site_name":"Chiesa Valdese Palermo","article_publisher":"https:\/\/www.facebook.com\/chiesavaldese.dipalermo\/","article_published_time":"2016-03-11T18:52:18+00:00","author":"Sergio Nuzzo","twitter_card":"summary_large_image","twitter_creator":"@ValdesePa","twitter_site":"@ValdesePa","twitter_misc":{"Scritto da":"Sergio Nuzzo","Tempo di lettura stimato":"7 minuti"},"schema":{"@context":"https:\/\/schema.org","@graph":[{"@type":"Article","@id":"https:\/\/www.chiesavaldesepalermo.it\/pa\/sermone-del-6-marzo-2016\/#article","isPartOf":{"@id":"https:\/\/www.chiesavaldesepalermo.it\/pa\/sermone-del-6-marzo-2016\/"},"author":{"name":"Sergio Nuzzo","@id":"https:\/\/www.chiesavaldesepalermo.it\/pa\/#\/schema\/person\/7b68164ea66acf9d88295e923f614607"},"headline":"Sermone del 6 Marzo 2016","datePublished":"2016-03-11T18:52:18+00:00","mainEntityOfPage":{"@id":"https:\/\/www.chiesavaldesepalermo.it\/pa\/sermone-del-6-marzo-2016\/"},"wordCount":1436,"commentCount":4,"publisher":{"@id":"https:\/\/www.chiesavaldesepalermo.it\/pa\/#organization"},"articleSection":["Predicazioni"],"inLanguage":"it-IT","potentialAction":[{"@type":"CommentAction","name":"Comment","target":["https:\/\/www.chiesavaldesepalermo.it\/pa\/sermone-del-6-marzo-2016\/#respond"]}]},{"@type":"WebPage","@id":"https:\/\/www.chiesavaldesepalermo.it\/pa\/sermone-del-6-marzo-2016\/","url":"https:\/\/www.chiesavaldesepalermo.it\/pa\/sermone-del-6-marzo-2016\/","name":"Sermone del 6 Marzo 2016 - Chiesa Valdese Palermo","isPartOf":{"@id":"https:\/\/www.chiesavaldesepalermo.it\/pa\/#website"},"datePublished":"2016-03-11T18:52:18+00:00","breadcrumb":{"@id":"https:\/\/www.chiesavaldesepalermo.it\/pa\/sermone-del-6-marzo-2016\/#breadcrumb"},"inLanguage":"it-IT","potentialAction":[{"@type":"ReadAction","target":["https:\/\/www.chiesavaldesepalermo.it\/pa\/sermone-del-6-marzo-2016\/"]}]},{"@type":"BreadcrumbList","@id":"https:\/\/www.chiesavaldesepalermo.it\/pa\/sermone-del-6-marzo-2016\/#breadcrumb","itemListElement":[{"@type":"ListItem","position":1,"name":"Home","item":"https:\/\/www.chiesavaldesepalermo.it\/pa\/"},{"@type":"ListItem","position":2,"name":"Sermone del 6 Marzo 2016"}]},{"@type":"WebSite","@id":"https:\/\/www.chiesavaldesepalermo.it\/pa\/#website","url":"https:\/\/www.chiesavaldesepalermo.it\/pa\/","name":"Chiesa Valdese Palermo","description":"Portale online della chiesa valdese di Palermo","publisher":{"@id":"https:\/\/www.chiesavaldesepalermo.it\/pa\/#organization"},"potentialAction":[{"@type":"SearchAction","target":{"@type":"EntryPoint","urlTemplate":"https:\/\/www.chiesavaldesepalermo.it\/pa\/?s={search_term_string}"},"query-input":{"@type":"PropertyValueSpecification","valueRequired":true,"valueName":"search_term_string"}}],"inLanguage":"it-IT"},{"@type":"Organization","@id":"https:\/\/www.chiesavaldesepalermo.it\/pa\/#organization","name":"Chiesa Valdese di Palermo","url":"https:\/\/www.chiesavaldesepalermo.it\/pa\/","logo":{"@type":"ImageObject","inLanguage":"it-IT","@id":"https:\/\/www.chiesavaldesepalermo.it\/pa\/#\/schema\/logo\/image\/","url":"https:\/\/www.chiesavaldesepalermo.it\/pa\/wp-content\/uploads\/2021\/01\/chiesa-valdese-min-scaled.jpg","contentUrl":"https:\/\/www.chiesavaldesepalermo.it\/pa\/wp-content\/uploads\/2021\/01\/chiesa-valdese-min-scaled.jpg","width":2560,"height":1570,"caption":"Chiesa Valdese di Palermo"},"image":{"@id":"https:\/\/www.chiesavaldesepalermo.it\/pa\/#\/schema\/logo\/image\/"},"sameAs":["https:\/\/www.facebook.com\/chiesavaldese.dipalermo\/","https:\/\/x.com\/ValdesePa","https:\/\/it.pinterest.com\/chiesavaldesepalermo\/","https:\/\/it.wikipedia.org\/wiki\/Chiesa_evangelica_valdese#\/media\/File:Palermo-Chiesa-Valdese-bjs2007-01.jpg"]},{"@type":"Person","@id":"https:\/\/www.chiesavaldesepalermo.it\/pa\/#\/schema\/person\/7b68164ea66acf9d88295e923f614607","name":"Sergio Nuzzo","image":{"@type":"ImageObject","inLanguage":"it-IT","@id":"https:\/\/secure.gravatar.com\/avatar\/efeeeca169e26cb50add21e8f0bacb132030eaf7d1560f755a7a50acdfc58799?s=96&d=mm&r=g","url":"https:\/\/secure.gravatar.com\/avatar\/efeeeca169e26cb50add21e8f0bacb132030eaf7d1560f755a7a50acdfc58799?s=96&d=mm&r=g","contentUrl":"https:\/\/secure.gravatar.com\/avatar\/efeeeca169e26cb50add21e8f0bacb132030eaf7d1560f755a7a50acdfc58799?s=96&d=mm&r=g","caption":"Sergio Nuzzo"},"url":"https:\/\/www.chiesavaldesepalermo.it\/pa\/author\/sergiowp\/"}]}},"_links":{"self":[{"href":"https:\/\/www.chiesavaldesepalermo.it\/pa\/wp-json\/wp\/v2\/posts\/402","targetHints":{"allow":["GET"]}}],"collection":[{"href":"https:\/\/www.chiesavaldesepalermo.it\/pa\/wp-json\/wp\/v2\/posts"}],"about":[{"href":"https:\/\/www.chiesavaldesepalermo.it\/pa\/wp-json\/wp\/v2\/types\/post"}],"author":[{"embeddable":true,"href":"https:\/\/www.chiesavaldesepalermo.it\/pa\/wp-json\/wp\/v2\/users\/1"}],"replies":[{"embeddable":true,"href":"https:\/\/www.chiesavaldesepalermo.it\/pa\/wp-json\/wp\/v2\/comments?post=402"}],"version-history":[{"count":1,"href":"https:\/\/www.chiesavaldesepalermo.it\/pa\/wp-json\/wp\/v2\/posts\/402\/revisions"}],"predecessor-version":[{"id":403,"href":"https:\/\/www.chiesavaldesepalermo.it\/pa\/wp-json\/wp\/v2\/posts\/402\/revisions\/403"}],"wp:attachment":[{"href":"https:\/\/www.chiesavaldesepalermo.it\/pa\/wp-json\/wp\/v2\/media?parent=402"}],"wp:term":[{"taxonomy":"category","embeddable":true,"href":"https:\/\/www.chiesavaldesepalermo.it\/pa\/wp-json\/wp\/v2\/categories?post=402"},{"taxonomy":"post_tag","embeddable":true,"href":"https:\/\/www.chiesavaldesepalermo.it\/pa\/wp-json\/wp\/v2\/tags?post=402"}],"curies":[{"name":"wp","href":"https:\/\/api.w.org\/{rel}","templated":true}]}}