{"id":417,"date":"2016-04-10T09:49:03","date_gmt":"2016-04-10T07:49:03","guid":{"rendered":"http:\/\/www.chiesavaldesepalermo.it\/pa\/?p=417"},"modified":"2016-04-10T09:49:03","modified_gmt":"2016-04-10T07:49:03","slug":"sermone-del-27-marzo-2016","status":"publish","type":"post","link":"https:\/\/www.chiesavaldesepalermo.it\/pa\/sermone-del-27-marzo-2016\/","title":{"rendered":"Sermone del 27 Marzo 2016"},"content":{"rendered":"<p><i><span style=\"font-weight: 400;\">DOMENICA 27 MARZO 2016-CHIESA VALDESE DI PALERMO,VIA SPEZIO<\/span><\/i><\/p>\n<p><i><span style=\"font-weight: 400;\">CULTO DI PASQUA \u00a0SU TESTO DI LUCA 24,34 (lettura vv13-35)<\/span><\/i><\/p>\n<p><i><span style=\"font-weight: 400;\">\u201cIL SIGNORE E\u2019 VERAMENTE RISORTO.\u201d<\/span><\/i><\/p>\n<p><i><span style=\"font-weight: 400;\"> OVVERO ..IN CAMMINO CON GESU\u2019VERSO EMMAUS. 1,10,100,infinite risurrezioni<\/span><\/i><\/p>\n<p><span style=\"font-weight: 400;\"><br \/>\n<\/span><b><i>13<\/i><\/b><i><span style=\"font-weight: 400;\">\u00a0Due di loro se ne andavano in quello stesso giorno a un villaggio di nome Emmaus, distante da Gerusalemme sessanta stadi( CIRCA 10 KM); <\/span><\/i><b><i>14<\/i><\/b><i><span style=\"font-weight: 400;\">\u00a0e parlavano tra di loro di tutte le cose che erano accadute. <\/span><\/i><b><i>15<\/i><\/b><i><span style=\"font-weight: 400;\">\u00a0Mentre discorrevano e discutevano insieme, Ges\u00f9 stesso si avvicin\u00f2 e cominci\u00f2 a camminare con loro. <\/span><\/i><b><i>16<\/i><\/b><i><span style=\"font-weight: 400;\">\u00a0Ma i loro occhi erano impediti a tal punto che non lo riconoscevano.. <\/span><\/i><b><i>17<\/i><\/b><i><span style=\"font-weight: 400;\">\u00a0Egli domand\u00f2 loro: \u00abDi che discorrete fra di voi lungo il cammino?\u00bb Ed essi si fermarono tutti tristi. <\/span><\/i><b><i>18<\/i><\/b><i><span style=\"font-weight: 400;\">\u00a0Uno dei due, che si chiamava Cleopa, gli rispose: \u00abTu solo, tra i forestieri, stando in Gerusalemme, non hai saputo le cose che vi sono accadute in questi giorni?\u00bb <\/span><\/i><b><i>19<\/i><\/b><i><span style=\"font-weight: 400;\">\u00a0Egli disse loro: \u00abQuali?\u00bb Essi gli risposero: \u00abIl fatto di Ges\u00f9 Nazareno, che era un profeta potente in opere e in parole davanti a Dio e a tutto il popolo; <\/span><\/i><b><i>20<\/i><\/b><i><span style=\"font-weight: 400;\">\u00a0come i capi dei sacerdoti e i nostri magistrati lo hanno fatto condannare a morte e lo hanno crocifisso. <\/span><\/i><b><i>21<\/i><\/b><i><span style=\"font-weight: 400;\">\u00a0Noi speravamo che fosse lui che avrebbe liberato Israele; invece, con tutto ci\u00f2, ecco il terzo giorno da quando sono accadute queste cose. <\/span><\/i><b><i>22<\/i><\/b><i><span style=\"font-weight: 400;\">\u00a0\u00c8 vero che certe donne tra di noi ci hanno fatto stupire; andate la mattina di buon&#8217;ora al sepolcro, <\/span><\/i><b><i>23<\/i><\/b><i><span style=\"font-weight: 400;\">\u00a0non hanno trovato il suo corpo, e sono ritornate dicendo di aver avuto anche una visione di angeli, i quali dicono che egli \u00e8 vivo. <\/span><\/i><b><i>24<\/i><\/b><i><span style=\"font-weight: 400;\">\u00a0Alcuni dei nostri sono andati al sepolcro e hanno trovato tutto come avevano detto le donne; ma lui non lo hanno visto\u00bb. <\/span><\/i><b><i>25<\/i><\/b><i><span style=\"font-weight: 400;\">\u00a0Allora Ges\u00f9 disse loro: \u00abO insensati e lenti di cuore a credere a tutte le cose che i profeti hanno dette! <\/span><\/i><b><i>26<\/i><\/b><i><span style=\"font-weight: 400;\">\u00a0Non doveva il Cristo soffrire tutto ci\u00f2 ed entrare nella sua gloria?\u00bb <\/span><\/i><b><i>27<\/i><\/b><i><span style=\"font-weight: 400;\">\u00a0E, cominciando da Mos\u00e8 e da tutti i profeti, spieg\u00f2 loro in tutte le Scritture le cose che lo riguardavano. <\/span><\/i><b><i>28<\/i><\/b><i><span style=\"font-weight: 400;\">\u00a0Quando si furono avvicinati al villaggio dove andavano, egli fece come se volesse proseguire. <\/span><\/i><b><i>29<\/i><\/b><i><span style=\"font-weight: 400;\">\u00a0Essi lo trattennero, dicendo: \u00abRimani con noi, perch\u00e9 si fa sera e il giorno sta per finire\u00bb. Ed egli entr\u00f2 per rimanere con loro. <\/span><\/i><b><i>30<\/i><\/b><i><span style=\"font-weight: 400;\">\u00a0Quando fu a tavola con loro prese il pane, lo benedisse, lo spezz\u00f2 e lo diede loro. <\/span><\/i><b><i>31<\/i><\/b><i><span style=\"font-weight: 400;\">\u00a0Allora i loro occhi furono aperti e lo riconobbero; ma egli scomparve alla loro vista. <\/span><\/i><b><i>32<\/i><\/b><i><span style=\"font-weight: 400;\">\u00a0Ed essi dissero l&#8217;uno all&#8217;altro: \u00abNon sentivamo forse ardere il cuore dentro di noi mentr&#8217;egli ci parlava per la via e ci spiegava le Scritture?\u00bb<\/span><\/i><\/p>\n<p><b><i>33<\/i><\/b><i><span style=\"font-weight: 400;\">\u00a0E, alzatisi in quello stesso momento, tornarono a Gerusalemme e trovarono riuniti gli undici e quelli che erano con loro, <\/span><\/i><b><i>34<\/i><\/b><i><span style=\"font-weight: 400;\">\u00a0i quali dicevano: \u00abIl Signore \u00e8 veramente risorto ed \u00e8 apparso a Simone\u00bb. <\/span><\/i><b><i>35<\/i><\/b><i><span style=\"font-weight: 400;\">\u00a0Essi pure raccontarono le cose avvenute loro per la via, e come era stato da loro riconosciuto nello spezzare il pane<\/span><\/i><\/p>\n<p><span style=\"font-weight: 400;\">Cristo \u00e8 risorto, Cristo \u00e8 veramente risorto!<\/span><\/p>\n<p><span style=\"font-weight: 400;\">Con queste parole ricordo che \u00a0il Pastore Panascia \u00a0salutava all\u2019uscita del tempio,dopo un culto di pasqua , tutti i membri di chiesa , stringendo la mano e ripetendo la frase con un sorriso:<\/span><\/p>\n<p><span style=\"font-weight: 400;\">Cristo \u00e8 risorto ,Cristo \u00e8 veramente risorto.!<\/span><\/p>\n<p><span style=\"font-weight: 400;\">In quel tempo non ero nemmeno simpatizzante o aderente, ma accompagnavo mia moglie e i figli al culto, e quelle frasi mi sembravano una forma di saluto cortese come buona pasqua ,buona domenica .<\/span><\/p>\n<p><span style=\"font-weight: 400;\">Non avrei mai immaginato che un giorno avrei tenuto in questo stesso tempio una predicazione su queste parole.<\/span><\/p>\n<p><span style=\"font-weight: 400;\">Fra i tanti episodi che raccontano l\u2019episodio della risurrezione di Ges\u00f9 ho scelto questo di Luca ,in particolare per gli effetti collaterali che produce.<\/span><\/p>\n<p><span style=\"font-weight: 400;\">Abbiamo ascoltato che Cleopa e l\u2019altro discepolo di Ges\u00f9 stanno tornandosene a Emmaus, un villaggio a circa 10 km da Gerusalemme dove il loro sogno sembra essere svanito : sono tristi, depressi ,nella loro mente i pensieri che girano in tondo sullo stesso tema : \u00e8 tutto finito! \u00a0sono dei morti che camminano.<\/span><\/p>\n<p><span style=\"font-weight: 400;\">Hanno lo sguardo assente ,impedito,guardano \u00a0il sentiero,lo sguardo basso, ora scansano \u00a0una pietra con un piede ora staccano un rametto da un cespuglio,ora raccolgono un frutto .Si accorgono appena di una presenza che si avvicina a loro e inizia il dialogo con lo straniero.<\/span><\/p>\n<p><span style=\"font-weight: 400;\">(Cleopa)..\u201dNon sai niente di quello che \u00e8 successo ,ma da dove vieni ?Ges\u00f9 di Nazaret,grande profeta, \u00e8 morto da tre giorni e con lui sono sfumate tutte le nostre speranze. Alcune donne <\/span><i><span style=\"font-weight: 400;\">dicono<\/span><\/i><span style=\"font-weight: 400;\"> che hanno trovato la tomba vuota ,forse hanno spostato il corpo,ma <\/span><i><span style=\"font-weight: 400;\">dicono<\/span><\/i><span style=\"font-weight: 400;\"> le donne che hanno visto gli angeli,che dicevano che \u00e8 vivente,altri pure \u00a0sono andati ma non lo hanno visto,<\/span><i><span style=\"font-weight: 400;\">dicono che \u00e8 risuscitato<\/span><\/i><span style=\"font-weight: 400;\"> ma <\/span><i><span style=\"font-weight: 400;\">nessuno lo ha visto<\/span><\/i><span style=\"font-weight: 400;\">,\u2026..non ci capisco pi\u00f9 niente!\u201d E lo straniero comincia a parlare fino a sera quando si fermano per un pasto.<\/span><\/p>\n<p><i><span style=\"font-weight: 400;\">\u201c\u00a0Quando fu a tavola con loro prese il pane, lo benedisse, lo spezz\u00f2 e lo diede loro. \u00a0Allora i loro occhi furono aperti e lo riconobbero; ma egli scomparve alla loro vista. \u00a0Ed essi dissero l&#8217;uno all&#8217;altro: \u00abNon sentivamo forse ardere il cuore dentro di noi mentr&#8217;egli ci parlava per la via e ci spiegava le Scritture?\u00bb<\/span><\/i><\/p>\n<p><span style=\"font-weight: 400;\">Ecco la risurrezione , non di Ges\u00f9 , ma di due morti nell\u2019animo,di \u00a0Cleopa e dell\u2019altro compagno ,non \u00e8 stato sufficiente l\u2019incontro ,avevano gli occhi impediti,\u00e8 stato necessario l\u2019ascolto della parola di Ges\u00f9,che presuppone una comprensione anche non immediata,una riflessione. <\/span><\/p>\n<p><span style=\"font-weight: 400;\">Dall\u2019alba al tramonto. <\/span><\/p>\n<p><span style=\"font-weight: 400;\">I due discepoli riconoscono Ges\u00f9 solo nel momento dell\u2019atto dello spezzare il pane,ma la fede nasce prima ,non dal vedere fisicamente Ges\u00f9 ,infatti non lo hanno riconosciuto, ma le parole \u00a0che essi pronunciano sono significative :<\/span><\/p>\n<p><span style=\"font-weight: 400;\"> \u00abNon sentivamo forse ardere il cuore dentro di noi mentr&#8217;egli <\/span><i><span style=\"font-weight: 400;\">ci parlava<\/span><\/i><span style=\"font-weight: 400;\"> per la via e ci spiegava le Scritture?\u00bb<\/span><\/p>\n<p><span style=\"font-weight: 400;\">Ecco, ora Cleopa e l\u2019altro compagno, possono tornare indietro,a testimoniare che Ges\u00f9 il Cristo ora \u00e8 VERAMENTE risorto,non per sentito dire o probabilmente,o apparentemente .<\/span><\/p>\n<p><span style=\"font-weight: 400;\">Solo una resurrezione ,quella di Ges\u00f9? O anche dei due e degli altri che sono in rimasti a Gerusalemme? <\/span><\/p>\n<p><span style=\"font-weight: 400;\">1-10-100- infinite resurrezioni, questo \u00e8 il dono del Cristo risorto!<\/span><\/p>\n<p><span style=\"font-weight: 400;\">E\u2019 una \u00a0pasqua di tante risurrezioni ! e noi oggi siamo consapevoli di questo dono ?e al contrario di Nicodemo,accettiamo di nascere di nuovo e di essere noi stessi capaci di risuscitare \u00a0l\u2019altro?<\/span><\/p>\n<p><span style=\"font-weight: 400;\">La risposta \u00e8 SI, perch\u00e9 la pasqua di risurrezione di Ges\u00f9 \u00e8 contagiosa,ci coinvolge ,possiamo essere soggetti attivi,possiamo risuscitare.<\/span><\/p>\n<p><span style=\"font-weight: 400;\">Nel racconto di Luca si fa solo un nome ,Cleopa, l\u2019altro resta anonimo. Non \u00e8 una dimenticanza,dovete darlo voi il nome.tre persone in cammino.Li conosco e ho pure le foto di loro mentre sono sul sentiero.Una risale alla pasqua del 33Dc<\/span><\/p>\n<p><span style=\"font-weight: 400;\"> e l\u2019altra alla pasqua del 27 marzo 2016.<\/span><\/p>\n<p><span style=\"font-weight: 400;\">li potete vedere nel frontespizio del foglio di culto,sono di spalle ma si possono riconoscere,ognuno di noi \u00a0vorr\u00e0 essere \u00a0quasto compagno di viaggio di Ges\u00f9,vi si potr\u00e0 riconoscere, e mettere il proprio nome accanto a quello di Cleopa. Ci sono tre zaini di colore diverso,sceglietene uno e identificatevi,ognuno di voi \u00a0con l\u2019altro discepolo.<\/span><\/p>\n<p><span style=\"font-weight: 400;\">Ges\u00f9 si fa compagno di viaggio, perch\u00e9 anche lui, come uomo, ha vissuto la durezza di un compito troppo grande per un essere umano. <\/span><\/p>\n<p><span style=\"font-weight: 400;\">Ges\u00f9 conosce la nostra difficolt\u00e0 di comprendere e la nostra lentezza di crederci fino in fondo con il cuore. Conosce il nostro desiderio di fuggire\u2026di andarcene verso Emmaus, ma non ci lascia soli, si avvicina,si accosta ,ci parla,si mette sulla nostra strada, anche se siamo lontani e questo ci scalda il cuore. Nel racconto di Luca ,tutto avviene in un giorno : alba-tramonto<\/span><\/p>\n<p><span style=\"font-weight: 400;\">Nella nostra vita di credenti, penso a \u00a0quanto tempo \u00a0\u00e8 passato da quando pronunciamo la frase \u201cCristo \u00e8 risorto \u201c che comunque dobbiamo dichiarare pubblicamente dopo vari percorsi di catechesi,studi biblici,laurea in teologia per \u00a0essere ammessi in chiesa a quando confessiamo che \u201cCristo \u00e8 veramente risorto,quanta strada fare in compagnia di Ges\u00f9.<\/span><\/p>\n<p><span style=\"font-weight: 400;\">Senza ascolto vero della Parola non pu\u00f2 nascere anche in noi il desiderio di trattenere Ges\u00f9, come quando i due discepoli dissero al viandante \u201cResta con noi\u201d. <\/span><\/p>\n<p><span style=\"font-weight: 400;\">Senza Parola che ci apre la mente e il cuore rischiamo davvero di lasciare passare oltre Ges\u00f9 , e lo lasciamo scivolare via,come spesso accade per tante attivit\u00e0 di chiesa che viviamo frettolosamente e con \u00a0abitudine \u00a0senza una vera esperienza di incontro che ci cambia la vita.<\/span><\/p>\n<p><span style=\"font-weight: 400;\">Care sorelle \u00a0e cari fratelli, quando abbiamo sentito ardere il nostro cuore ascoltando la voce di Ges\u00f9,sentito la sua presenza viva accanto a noi,ricordiamo il momento,l\u2019occasione particolare, l\u2019emozione di sperimentare la resurrezione o la trasformazione o la nuova nascita ?<\/span><\/p>\n<p><span style=\"font-weight: 400;\">E\u2019 successo qualcosa a te o al tuo prossimo , gli effetti collaterali della \u00a0di cui ho accennato all\u2019inizio ci sono \u00a0stati?<\/span><\/p>\n<p><span style=\"font-weight: 400;\">Cioe\u2019:<\/span><\/p>\n<p><span style=\"font-weight: 400;\">\u201dsiete mai stati risuscitati?nessuno vi ha mai parlato,perdonato,amato,tanto da farvi rinascere?avete fatto voi altrettanto per far rinascere l\u2019altro ?Non avete mai assistito o avete sperimentato la potenza \u00a0della vita che scaturisce da un sorriso,da un perdono,dall\u2019accogliere qualcuno, da una vera comunit\u00e0?come si pu\u00f2 credere a una risurrezione futura se non avete fatto l\u2019esperienza di una risurrezione immediata ?Come si pu\u00f2 credere che l\u2019amore sia pi\u00f9 forte della morte se non vi ha reso viventi,se non vi ha risuscitato adesso dai morti ?\u201d(l.e.)<\/span><\/p>\n<p><span style=\"font-weight: 400;\">Per \u00a0questo ti preghiamo Signore,rendi ardenti i nostri cuori,rendici partecipi della tua pasqua di risurrezione.<\/span><\/p>\n<p><span style=\"font-weight: 400;\">Amen<\/span><\/p>\n","protected":false},"excerpt":{"rendered":"<p>DOMENICA 27 MARZO 2016-CHIESA VALDESE DI PALERMO,VIA SPEZIO CULTO DI PASQUA \u00a0SU TESTO DI LUCA 24,34 (lettura vv13-35) \u201cIL SIGNORE E\u2019 VERAMENTE RISORTO.\u201d OVVERO ..IN CAMMINO CON GESU\u2019VERSO EMMAUS. 1,10,100,infinite [&hellip;]<\/p>\n","protected":false},"author":1,"featured_media":0,"comment_status":"open","ping_status":"closed","sticky":false,"template":"","format":"standard","meta":{"_EventAllDay":false,"_EventTimezone":"","_EventStartDate":"","_EventEndDate":"","_EventStartDateUTC":"","_EventEndDateUTC":"","_EventShowMap":false,"_EventShowMapLink":false,"_EventURL":"","_EventCost":"","_EventCostDescription":"","_EventCurrencySymbol":"","_EventCurrencyCode":"","_EventCurrencyPosition":"","_EventDateTimeSeparator":"","_EventTimeRangeSeparator":"","_EventOrganizerID":[],"_EventVenueID":[],"_OrganizerEmail":"","_OrganizerPhone":"","_OrganizerWebsite":"","_VenueAddress":"","_VenueCity":"","_VenueCountry":"","_VenueProvince":"","_VenueState":"","_VenueZip":"","_VenuePhone":"","_VenueURL":"","_VenueStateProvince":"","_VenueLat":"","_VenueLng":"","_VenueShowMap":false,"_VenueShowMapLink":false,"footnotes":""},"categories":[5],"tags":[39],"class_list":{"0":"post-417","1":"post","2":"type-post","3":"status-publish","4":"format-standard","6":"category-predicazioni","7":"tag-pasqua","8":"czr-hentry"},"yoast_head":"<!-- This site is optimized with the Yoast SEO plugin v27.4 - https:\/\/yoast.com\/product\/yoast-seo-wordpress\/ -->\n<title>Sermone del 27 Marzo 2016 - Chiesa Valdese Palermo<\/title>\n<meta name=\"robots\" content=\"index, follow, max-snippet:-1, max-image-preview:large, max-video-preview:-1\" \/>\n<link rel=\"canonical\" href=\"https:\/\/www.chiesavaldesepalermo.it\/pa\/sermone-del-27-marzo-2016\/\" \/>\n<meta property=\"og:locale\" content=\"it_IT\" \/>\n<meta property=\"og:type\" content=\"article\" \/>\n<meta property=\"og:title\" content=\"Sermone del 27 Marzo 2016 - Chiesa Valdese Palermo\" \/>\n<meta property=\"og:description\" content=\"DOMENICA 27 MARZO 2016-CHIESA VALDESE DI PALERMO,VIA SPEZIO CULTO DI PASQUA \u00a0SU TESTO DI LUCA 24,34 (lettura vv13-35) \u201cIL SIGNORE E\u2019 VERAMENTE RISORTO.\u201d OVVERO ..IN CAMMINO CON GESU\u2019VERSO EMMAUS. 1,10,100,infinite [&hellip;]\" \/>\n<meta property=\"og:url\" content=\"https:\/\/www.chiesavaldesepalermo.it\/pa\/sermone-del-27-marzo-2016\/\" \/>\n<meta property=\"og:site_name\" content=\"Chiesa Valdese Palermo\" \/>\n<meta property=\"article:publisher\" content=\"https:\/\/www.facebook.com\/chiesavaldese.dipalermo\/\" \/>\n<meta property=\"article:published_time\" content=\"2016-04-10T07:49:03+00:00\" \/>\n<meta name=\"author\" content=\"Sergio Nuzzo\" \/>\n<meta name=\"twitter:card\" content=\"summary_large_image\" \/>\n<meta name=\"twitter:creator\" content=\"@ValdesePa\" \/>\n<meta name=\"twitter:site\" content=\"@ValdesePa\" \/>\n<meta name=\"twitter:label1\" content=\"Scritto da\" \/>\n\t<meta name=\"twitter:data1\" content=\"Sergio Nuzzo\" \/>\n\t<meta name=\"twitter:label2\" content=\"Tempo di lettura stimato\" \/>\n\t<meta name=\"twitter:data2\" content=\"8 minuti\" \/>\n<script type=\"application\/ld+json\" class=\"yoast-schema-graph\">{\"@context\":\"https:\\\/\\\/schema.org\",\"@graph\":[{\"@type\":\"Article\",\"@id\":\"https:\\\/\\\/www.chiesavaldesepalermo.it\\\/pa\\\/sermone-del-27-marzo-2016\\\/#article\",\"isPartOf\":{\"@id\":\"https:\\\/\\\/www.chiesavaldesepalermo.it\\\/pa\\\/sermone-del-27-marzo-2016\\\/\"},\"author\":{\"name\":\"Sergio Nuzzo\",\"@id\":\"https:\\\/\\\/www.chiesavaldesepalermo.it\\\/pa\\\/#\\\/schema\\\/person\\\/7b68164ea66acf9d88295e923f614607\"},\"headline\":\"Sermone del 27 Marzo 2016\",\"datePublished\":\"2016-04-10T07:49:03+00:00\",\"mainEntityOfPage\":{\"@id\":\"https:\\\/\\\/www.chiesavaldesepalermo.it\\\/pa\\\/sermone-del-27-marzo-2016\\\/\"},\"wordCount\":1577,\"commentCount\":3,\"publisher\":{\"@id\":\"https:\\\/\\\/www.chiesavaldesepalermo.it\\\/pa\\\/#organization\"},\"keywords\":[\"Pasqua\"],\"articleSection\":[\"Predicazioni\"],\"inLanguage\":\"it-IT\",\"potentialAction\":[{\"@type\":\"CommentAction\",\"name\":\"Comment\",\"target\":[\"https:\\\/\\\/www.chiesavaldesepalermo.it\\\/pa\\\/sermone-del-27-marzo-2016\\\/#respond\"]}]},{\"@type\":\"WebPage\",\"@id\":\"https:\\\/\\\/www.chiesavaldesepalermo.it\\\/pa\\\/sermone-del-27-marzo-2016\\\/\",\"url\":\"https:\\\/\\\/www.chiesavaldesepalermo.it\\\/pa\\\/sermone-del-27-marzo-2016\\\/\",\"name\":\"Sermone del 27 Marzo 2016 - Chiesa Valdese Palermo\",\"isPartOf\":{\"@id\":\"https:\\\/\\\/www.chiesavaldesepalermo.it\\\/pa\\\/#website\"},\"datePublished\":\"2016-04-10T07:49:03+00:00\",\"breadcrumb\":{\"@id\":\"https:\\\/\\\/www.chiesavaldesepalermo.it\\\/pa\\\/sermone-del-27-marzo-2016\\\/#breadcrumb\"},\"inLanguage\":\"it-IT\",\"potentialAction\":[{\"@type\":\"ReadAction\",\"target\":[\"https:\\\/\\\/www.chiesavaldesepalermo.it\\\/pa\\\/sermone-del-27-marzo-2016\\\/\"]}]},{\"@type\":\"BreadcrumbList\",\"@id\":\"https:\\\/\\\/www.chiesavaldesepalermo.it\\\/pa\\\/sermone-del-27-marzo-2016\\\/#breadcrumb\",\"itemListElement\":[{\"@type\":\"ListItem\",\"position\":1,\"name\":\"Home\",\"item\":\"https:\\\/\\\/www.chiesavaldesepalermo.it\\\/pa\\\/\"},{\"@type\":\"ListItem\",\"position\":2,\"name\":\"Sermone del 27 Marzo 2016\"}]},{\"@type\":\"WebSite\",\"@id\":\"https:\\\/\\\/www.chiesavaldesepalermo.it\\\/pa\\\/#website\",\"url\":\"https:\\\/\\\/www.chiesavaldesepalermo.it\\\/pa\\\/\",\"name\":\"Chiesa Valdese Palermo\",\"description\":\"Portale online della chiesa valdese di Palermo\",\"publisher\":{\"@id\":\"https:\\\/\\\/www.chiesavaldesepalermo.it\\\/pa\\\/#organization\"},\"potentialAction\":[{\"@type\":\"SearchAction\",\"target\":{\"@type\":\"EntryPoint\",\"urlTemplate\":\"https:\\\/\\\/www.chiesavaldesepalermo.it\\\/pa\\\/?s={search_term_string}\"},\"query-input\":{\"@type\":\"PropertyValueSpecification\",\"valueRequired\":true,\"valueName\":\"search_term_string\"}}],\"inLanguage\":\"it-IT\"},{\"@type\":\"Organization\",\"@id\":\"https:\\\/\\\/www.chiesavaldesepalermo.it\\\/pa\\\/#organization\",\"name\":\"Chiesa Valdese di Palermo\",\"url\":\"https:\\\/\\\/www.chiesavaldesepalermo.it\\\/pa\\\/\",\"logo\":{\"@type\":\"ImageObject\",\"inLanguage\":\"it-IT\",\"@id\":\"https:\\\/\\\/www.chiesavaldesepalermo.it\\\/pa\\\/#\\\/schema\\\/logo\\\/image\\\/\",\"url\":\"https:\\\/\\\/www.chiesavaldesepalermo.it\\\/pa\\\/wp-content\\\/uploads\\\/2021\\\/01\\\/chiesa-valdese-min-scaled.jpg\",\"contentUrl\":\"https:\\\/\\\/www.chiesavaldesepalermo.it\\\/pa\\\/wp-content\\\/uploads\\\/2021\\\/01\\\/chiesa-valdese-min-scaled.jpg\",\"width\":2560,\"height\":1570,\"caption\":\"Chiesa Valdese di Palermo\"},\"image\":{\"@id\":\"https:\\\/\\\/www.chiesavaldesepalermo.it\\\/pa\\\/#\\\/schema\\\/logo\\\/image\\\/\"},\"sameAs\":[\"https:\\\/\\\/www.facebook.com\\\/chiesavaldese.dipalermo\\\/\",\"https:\\\/\\\/x.com\\\/ValdesePa\",\"https:\\\/\\\/it.pinterest.com\\\/chiesavaldesepalermo\\\/\",\"https:\\\/\\\/it.wikipedia.org\\\/wiki\\\/Chiesa_evangelica_valdese#\\\/media\\\/File:Palermo-Chiesa-Valdese-bjs2007-01.jpg\"]},{\"@type\":\"Person\",\"@id\":\"https:\\\/\\\/www.chiesavaldesepalermo.it\\\/pa\\\/#\\\/schema\\\/person\\\/7b68164ea66acf9d88295e923f614607\",\"name\":\"Sergio Nuzzo\",\"image\":{\"@type\":\"ImageObject\",\"inLanguage\":\"it-IT\",\"@id\":\"https:\\\/\\\/secure.gravatar.com\\\/avatar\\\/efeeeca169e26cb50add21e8f0bacb132030eaf7d1560f755a7a50acdfc58799?s=96&d=mm&r=g\",\"url\":\"https:\\\/\\\/secure.gravatar.com\\\/avatar\\\/efeeeca169e26cb50add21e8f0bacb132030eaf7d1560f755a7a50acdfc58799?s=96&d=mm&r=g\",\"contentUrl\":\"https:\\\/\\\/secure.gravatar.com\\\/avatar\\\/efeeeca169e26cb50add21e8f0bacb132030eaf7d1560f755a7a50acdfc58799?s=96&d=mm&r=g\",\"caption\":\"Sergio Nuzzo\"},\"url\":\"https:\\\/\\\/www.chiesavaldesepalermo.it\\\/pa\\\/author\\\/sergiowp\\\/\"}]}<\/script>\n<!-- \/ Yoast SEO plugin. -->","yoast_head_json":{"title":"Sermone del 27 Marzo 2016 - Chiesa Valdese Palermo","robots":{"index":"index","follow":"follow","max-snippet":"max-snippet:-1","max-image-preview":"max-image-preview:large","max-video-preview":"max-video-preview:-1"},"canonical":"https:\/\/www.chiesavaldesepalermo.it\/pa\/sermone-del-27-marzo-2016\/","og_locale":"it_IT","og_type":"article","og_title":"Sermone del 27 Marzo 2016 - Chiesa Valdese Palermo","og_description":"DOMENICA 27 MARZO 2016-CHIESA VALDESE DI PALERMO,VIA SPEZIO CULTO DI PASQUA \u00a0SU TESTO DI LUCA 24,34 (lettura vv13-35) \u201cIL SIGNORE E\u2019 VERAMENTE RISORTO.\u201d OVVERO ..IN CAMMINO CON GESU\u2019VERSO EMMAUS. 1,10,100,infinite [&hellip;]","og_url":"https:\/\/www.chiesavaldesepalermo.it\/pa\/sermone-del-27-marzo-2016\/","og_site_name":"Chiesa Valdese Palermo","article_publisher":"https:\/\/www.facebook.com\/chiesavaldese.dipalermo\/","article_published_time":"2016-04-10T07:49:03+00:00","author":"Sergio Nuzzo","twitter_card":"summary_large_image","twitter_creator":"@ValdesePa","twitter_site":"@ValdesePa","twitter_misc":{"Scritto da":"Sergio Nuzzo","Tempo di lettura stimato":"8 minuti"},"schema":{"@context":"https:\/\/schema.org","@graph":[{"@type":"Article","@id":"https:\/\/www.chiesavaldesepalermo.it\/pa\/sermone-del-27-marzo-2016\/#article","isPartOf":{"@id":"https:\/\/www.chiesavaldesepalermo.it\/pa\/sermone-del-27-marzo-2016\/"},"author":{"name":"Sergio Nuzzo","@id":"https:\/\/www.chiesavaldesepalermo.it\/pa\/#\/schema\/person\/7b68164ea66acf9d88295e923f614607"},"headline":"Sermone del 27 Marzo 2016","datePublished":"2016-04-10T07:49:03+00:00","mainEntityOfPage":{"@id":"https:\/\/www.chiesavaldesepalermo.it\/pa\/sermone-del-27-marzo-2016\/"},"wordCount":1577,"commentCount":3,"publisher":{"@id":"https:\/\/www.chiesavaldesepalermo.it\/pa\/#organization"},"keywords":["Pasqua"],"articleSection":["Predicazioni"],"inLanguage":"it-IT","potentialAction":[{"@type":"CommentAction","name":"Comment","target":["https:\/\/www.chiesavaldesepalermo.it\/pa\/sermone-del-27-marzo-2016\/#respond"]}]},{"@type":"WebPage","@id":"https:\/\/www.chiesavaldesepalermo.it\/pa\/sermone-del-27-marzo-2016\/","url":"https:\/\/www.chiesavaldesepalermo.it\/pa\/sermone-del-27-marzo-2016\/","name":"Sermone del 27 Marzo 2016 - Chiesa Valdese Palermo","isPartOf":{"@id":"https:\/\/www.chiesavaldesepalermo.it\/pa\/#website"},"datePublished":"2016-04-10T07:49:03+00:00","breadcrumb":{"@id":"https:\/\/www.chiesavaldesepalermo.it\/pa\/sermone-del-27-marzo-2016\/#breadcrumb"},"inLanguage":"it-IT","potentialAction":[{"@type":"ReadAction","target":["https:\/\/www.chiesavaldesepalermo.it\/pa\/sermone-del-27-marzo-2016\/"]}]},{"@type":"BreadcrumbList","@id":"https:\/\/www.chiesavaldesepalermo.it\/pa\/sermone-del-27-marzo-2016\/#breadcrumb","itemListElement":[{"@type":"ListItem","position":1,"name":"Home","item":"https:\/\/www.chiesavaldesepalermo.it\/pa\/"},{"@type":"ListItem","position":2,"name":"Sermone del 27 Marzo 2016"}]},{"@type":"WebSite","@id":"https:\/\/www.chiesavaldesepalermo.it\/pa\/#website","url":"https:\/\/www.chiesavaldesepalermo.it\/pa\/","name":"Chiesa Valdese Palermo","description":"Portale online della chiesa valdese di Palermo","publisher":{"@id":"https:\/\/www.chiesavaldesepalermo.it\/pa\/#organization"},"potentialAction":[{"@type":"SearchAction","target":{"@type":"EntryPoint","urlTemplate":"https:\/\/www.chiesavaldesepalermo.it\/pa\/?s={search_term_string}"},"query-input":{"@type":"PropertyValueSpecification","valueRequired":true,"valueName":"search_term_string"}}],"inLanguage":"it-IT"},{"@type":"Organization","@id":"https:\/\/www.chiesavaldesepalermo.it\/pa\/#organization","name":"Chiesa Valdese di Palermo","url":"https:\/\/www.chiesavaldesepalermo.it\/pa\/","logo":{"@type":"ImageObject","inLanguage":"it-IT","@id":"https:\/\/www.chiesavaldesepalermo.it\/pa\/#\/schema\/logo\/image\/","url":"https:\/\/www.chiesavaldesepalermo.it\/pa\/wp-content\/uploads\/2021\/01\/chiesa-valdese-min-scaled.jpg","contentUrl":"https:\/\/www.chiesavaldesepalermo.it\/pa\/wp-content\/uploads\/2021\/01\/chiesa-valdese-min-scaled.jpg","width":2560,"height":1570,"caption":"Chiesa Valdese di Palermo"},"image":{"@id":"https:\/\/www.chiesavaldesepalermo.it\/pa\/#\/schema\/logo\/image\/"},"sameAs":["https:\/\/www.facebook.com\/chiesavaldese.dipalermo\/","https:\/\/x.com\/ValdesePa","https:\/\/it.pinterest.com\/chiesavaldesepalermo\/","https:\/\/it.wikipedia.org\/wiki\/Chiesa_evangelica_valdese#\/media\/File:Palermo-Chiesa-Valdese-bjs2007-01.jpg"]},{"@type":"Person","@id":"https:\/\/www.chiesavaldesepalermo.it\/pa\/#\/schema\/person\/7b68164ea66acf9d88295e923f614607","name":"Sergio Nuzzo","image":{"@type":"ImageObject","inLanguage":"it-IT","@id":"https:\/\/secure.gravatar.com\/avatar\/efeeeca169e26cb50add21e8f0bacb132030eaf7d1560f755a7a50acdfc58799?s=96&d=mm&r=g","url":"https:\/\/secure.gravatar.com\/avatar\/efeeeca169e26cb50add21e8f0bacb132030eaf7d1560f755a7a50acdfc58799?s=96&d=mm&r=g","contentUrl":"https:\/\/secure.gravatar.com\/avatar\/efeeeca169e26cb50add21e8f0bacb132030eaf7d1560f755a7a50acdfc58799?s=96&d=mm&r=g","caption":"Sergio Nuzzo"},"url":"https:\/\/www.chiesavaldesepalermo.it\/pa\/author\/sergiowp\/"}]}},"_links":{"self":[{"href":"https:\/\/www.chiesavaldesepalermo.it\/pa\/wp-json\/wp\/v2\/posts\/417","targetHints":{"allow":["GET"]}}],"collection":[{"href":"https:\/\/www.chiesavaldesepalermo.it\/pa\/wp-json\/wp\/v2\/posts"}],"about":[{"href":"https:\/\/www.chiesavaldesepalermo.it\/pa\/wp-json\/wp\/v2\/types\/post"}],"author":[{"embeddable":true,"href":"https:\/\/www.chiesavaldesepalermo.it\/pa\/wp-json\/wp\/v2\/users\/1"}],"replies":[{"embeddable":true,"href":"https:\/\/www.chiesavaldesepalermo.it\/pa\/wp-json\/wp\/v2\/comments?post=417"}],"version-history":[{"count":1,"href":"https:\/\/www.chiesavaldesepalermo.it\/pa\/wp-json\/wp\/v2\/posts\/417\/revisions"}],"predecessor-version":[{"id":418,"href":"https:\/\/www.chiesavaldesepalermo.it\/pa\/wp-json\/wp\/v2\/posts\/417\/revisions\/418"}],"wp:attachment":[{"href":"https:\/\/www.chiesavaldesepalermo.it\/pa\/wp-json\/wp\/v2\/media?parent=417"}],"wp:term":[{"taxonomy":"category","embeddable":true,"href":"https:\/\/www.chiesavaldesepalermo.it\/pa\/wp-json\/wp\/v2\/categories?post=417"},{"taxonomy":"post_tag","embeddable":true,"href":"https:\/\/www.chiesavaldesepalermo.it\/pa\/wp-json\/wp\/v2\/tags?post=417"}],"curies":[{"name":"wp","href":"https:\/\/api.w.org\/{rel}","templated":true}]}}