{"id":426,"date":"2016-05-08T18:10:26","date_gmt":"2016-05-08T16:10:26","guid":{"rendered":"http:\/\/www.chiesavaldesepalermo.it\/pa\/?p=426"},"modified":"2016-05-08T18:10:26","modified_gmt":"2016-05-08T16:10:26","slug":"predicazione-per-lascensione-a-cura-del-past-peter-ciaccio","status":"publish","type":"post","link":"https:\/\/www.chiesavaldesepalermo.it\/pa\/predicazione-per-lascensione-a-cura-del-past-peter-ciaccio\/","title":{"rendered":"Predicazione per l&#8217;Ascensione, a cura del past. Peter Ciaccio"},"content":{"rendered":"<p><strong>Testo della predicazione tenuta dal past. Ciaccio, domenica 8 maggio 2016, per il Culto dell&#8217;Ascensione, in occasione della partecipazione dell&#8217;arcivescovo cattolico di Palermo Corrado Lorefice.<\/strong><\/p>\n<p><i>Quanto agli undici discepoli, essi andarono in Galilea sul monte che Ges\u00f9 aveva loro designato.\u00a0E, vedutolo, l&#8217;adorarono; alcuni per\u00f2 dubitarono.\u00a0E Ges\u00f9, avvicinatosi, parl\u00f2 loro, dicendo: \u00abOgni potere mi \u00e8 stato dato in cielo e sulla terra.\u00a0 Andate dunque e fate miei discepoli tutti i popoli battezzandoli nel nome del Padre, del Figlio e dello Spirito Santo, insegnando loro a osservare tutte quante le cose che vi ho comandate. Ed ecco, io sono con voi tutti i giorni, sino alla fine dell&#8217;et\u00e0 presente\u00bb.\u00a0<\/i>(Matteo 28, 16-20)<\/p>\n<p>\u00abDividiamoci\u00bb. Se, come mi auguro, voi che mi ascoltate avete una certa familiarit\u00e0 con i film, sapete che ci sono delle storie in cui a un certo punto i personaggi si guardano negli occhi e si dicono: \u00abDividiamoci\u00bb. E sapete che di solito, finisce male. \u00c8 una situazione ricorrente in un genere particolare di cinema: l\u2019horror. I personaggi si dividono ed \u00e8 pi\u00f9 facile per il cattivo di turno prenderli e farli fuori. La battuta \u00abDividiamoci\u00bb in un film \u00e8 in grado di farci sobbalzare sulla sedia, perch\u00e9 sappiamo che finir\u00e0 male, pur sperando che finir\u00e0 diversamente da come ci aspettiamo.<\/p>\n<p>Per secoli i cristiani hanno fatto esattamente come i personaggi dei film dell\u2019orrore: si sono divisi e non sempre le cose sono andate bene, per usare un eufemismo. Non \u00e8 un caso che i film dell\u2019orrore traggano a volte ispirazione dagli aspetti pi\u00f9 bui della storia cristiana.<\/p>\n<p>Oggi, per\u00f2, noi siamo insieme e celebriamo insieme l\u2019Ascensione di Cristo, con un profondo senso di gratitudine, perch\u00e9 noi siamo sopravvissuti al \u00abDividiamoci\u00bb. Per molti \u00e8 andata male, ma a noi \u00e8 andata bene. Noi oggi ci ritroviamo insieme e sappiamo che di solito i sopravvissuti sono pochi rispetto a quelli che non sono sopravvissuti.<\/p>\n<p>Oggi noi siamo grati al Signore perch\u00e9, come i suoi discepoli alla fine del vangelo di Matteo, siamo riuniti intorno alla sua Parola, siamo insieme e insieme possiamo ascoltarlo, contemplare la sua ascesa al Padre, attendere il suo ritorno. Noi, per\u00f2, non cominciamo da capo. Una delle ultime canzoni di John Lennon, che faceva seguito a un periodo in cui si era separato dalla moglie Yoko e in cui era stato in preda alle droghe, si intitolava: <i>(Just Like) Starting Over<\/i>, cio\u00e8 \u201cProprio come ricominciare da capo\u201d, dove il \u201cProprio come\u201d era messo tra parentesi.<\/p>\n<p>Cosa voglio dire: noi non siamo proprio l\u00ec con i discepoli a salutare il Signore che ascende al cielo. Noi siamo chiese e lo Spirito Santo vive nelle nostre chiese, ci guida, ci sostiene. Non stiamo dunque semplicemente ricominciando da capo. Le ferite, gli errori, le cicatrici restano, proprio come in una coppia che si ritrova dopo essersi separata. Guai a dimenticare la nostra storia, le nostre storie: rischieremmo di ricadere negli stessi errori e sarebbe un rapporto meno adulto e nuovamente doloroso.<\/p>\n<p>Insomma, \u00e8 proprio come ricominciare da capo, e per ricominciare da capo, per rivedere la nostra relazione, torniamo con la memoria a quel giorno, in cui tutti i discepoli di Ges\u00f9 erano sull\u2019altura.<\/p>\n<p>\u00c8 il terzo monte del Vangelo di Matteo, che inizia con le Beatitudini, proclamate da un monte, e continua con il Golgota, il monte della Croce, e si conclude con il monte dell\u2019Ascensione.<\/p>\n<p>Quel giorno i discepoli ascoltarono le ultime parole di Ges\u00f9 sulla terra. I discepoli erano diversi e diversificati. Ges\u00f9 aveva scelto le persone pi\u00f9 disparate: ricchi, poveri, colti, ignoranti, impiegati delle tasse e pescatori, uomini, donne e, probabilmente, tra loro c\u2019era chi era pi\u00f9 conservatore e chi pi\u00f9 progressista, per usare delle categorie a noi contemporanee. Ges\u00f9 non annulla le diversit\u00e0: Ges\u00f9 ha bisogno delle diversit\u00e0. Ges\u00f9 elimina i motivi di divisione tra i suoi discepoli: \u201cSiete diversi? E allora? Seguitemi\u201d.<\/p>\n<p>Ascoltiamo di nuovo le ultime parole di Ges\u00f9 e cerchiamo di ricominciare da capo. Del resto, \u00e8 quello che facciamo ogni volta che riascoltiamo un versetto, che gi\u00e0 conoscevamo e che abbiamo disatteso.<\/p>\n<p>\u00abOgni potere mi \u00e8 stato dato in cielo e sulla terra. Andate dunque e fate miei discepoli tutti i popoli battezzandoli nel nome del Padre, del Figlio e dello Spirito Santo, insegnando loro a osservare tutte quante le cose che vi ho comandate. Ed ecco, io sono con voi tutti i giorni, sino alla fine dell&#8217;et\u00e0 presente\u00bb<\/p>\n<p>Andate. Non fermatevi qui. Non fermatevi a guardare il Signore che sale in cielo. Andate.<\/p>\n<p>Fate miei discepoli. Fate come me, chiamate le persone a seguire Cristo. Chiamatele se li ritenete peccatori. Chiamatele se li ritenete santi. Chiamatele senza distinzione. Chiamatele diverse, proprio come faceva Ges\u00f9.<\/p>\n<p>Battezzandoli nel nome del Padre, del Figlio e dello Spirito Santo. Non dimenticate nel nome di chi fate le cose. Non siete la chiesa di Pietro, non siete la chiesa di Paolo, non siete la chiesa di Lutero: siete la chiesa del Padre, del Figlio e dello Spirito Santo. A loro sia la gloria, non a te.<\/p>\n<p>Insegnando loro tutte quante le cose che vi ho comandate. Eh, siamo bravi a insegnare. Siamo bravi a parlare. Il pi\u00f9 ignorante dei nostri predicatori \u00e8 pi\u00f9 colto di quanto non lo fosse il pescatore Pietro. Ma Ges\u00f9 non insegnava solo a parole. Ges\u00f9 operava. Predicava con parole e opere. A questo stile di insegnamento siamo chiamati.<\/p>\n<p>Cosa vi ho detto di nuovo? Niente. \u00c8 la solita vecchia storia, come diceva il canto spiritual: <i>Tell me the Old Old Story<\/i>, \u201cRaccontami la solita vecchia storia\u201d, voglio riascoltarla di nuovo, voglio riascoltarla da capo.<\/p>\n<p>Quello che cambia \u00e8 che oggi siamo insieme e possiamo provare a ricominciare da capo. Oggi siamo insieme. Ma perch\u00e9 siamo insieme? L\u2019ultima frase di Ges\u00f9 \u00e8 \u00abEcco, io sono con voi tutti i giorni, sino alla fine dell&#8217;et\u00e0 presente\u00bb. Siamo insieme perch\u00e9 Ges\u00f9 \u00e8 salito al Padre, ma non ci ha abbandonato. Non \u00e8 una frase detta cos\u00ec: \u00e8 vera consolazione, \u00e8 vera speranza e noi oggi abbiamo un segno che la promessa di Ges\u00f9 non \u00e8 vana. \u00c8 Ges\u00f9 che ci ha radunati, dopo averci accompagnato nei nostri cammini separati. Ges\u00f9 ci ha riuniti.<\/p>\n<p>E ora andiamo. Andiamo insieme.<\/p>\n<p>Amen.<\/p>\n","protected":false},"excerpt":{"rendered":"<p>Testo della predicazione tenuta dal past. Ciaccio, domenica 8 maggio 2016, per il Culto dell&#8217;Ascensione, in occasione della partecipazione dell&#8217;arcivescovo cattolico di Palermo Corrado Lorefice. Quanto agli undici discepoli, essi [&hellip;]<\/p>\n","protected":false},"author":2,"featured_media":427,"comment_status":"open","ping_status":"closed","sticky":false,"template":"","format":"standard","meta":{"_EventAllDay":false,"_EventTimezone":"","_EventStartDate":"","_EventEndDate":"","_EventStartDateUTC":"","_EventEndDateUTC":"","_EventShowMap":false,"_EventShowMapLink":false,"_EventURL":"","_EventCost":"","_EventCostDescription":"","_EventCurrencySymbol":"","_EventCurrencyCode":"","_EventCurrencyPosition":"","_EventDateTimeSeparator":"","_EventTimeRangeSeparator":"","_EventOrganizerID":[],"_EventVenueID":[],"_OrganizerEmail":"","_OrganizerPhone":"","_OrganizerWebsite":"","_VenueAddress":"","_VenueCity":"","_VenueCountry":"","_VenueProvince":"","_VenueState":"","_VenueZip":"","_VenuePhone":"","_VenueURL":"","_VenueStateProvince":"","_VenueLat":"","_VenueLng":"","_VenueShowMap":false,"_VenueShowMapLink":false,"footnotes":""},"categories":[4],"tags":[],"class_list":{"0":"post-426","1":"post","2":"type-post","3":"status-publish","4":"format-standard","5":"has-post-thumbnail","7":"category-aggiornamenti","8":"czr-hentry"},"yoast_head":"<!-- This site is optimized with the Yoast SEO plugin v27.4 - https:\/\/yoast.com\/product\/yoast-seo-wordpress\/ -->\n<title>Predicazione per l&#039;Ascensione, a cura del past. Peter Ciaccio - Chiesa Valdese Palermo<\/title>\n<meta name=\"robots\" content=\"index, follow, max-snippet:-1, max-image-preview:large, max-video-preview:-1\" \/>\n<link rel=\"canonical\" href=\"https:\/\/www.chiesavaldesepalermo.it\/pa\/predicazione-per-lascensione-a-cura-del-past-peter-ciaccio\/\" \/>\n<meta property=\"og:locale\" content=\"it_IT\" \/>\n<meta property=\"og:type\" content=\"article\" \/>\n<meta property=\"og:title\" content=\"Predicazione per l&#039;Ascensione, a cura del past. Peter Ciaccio - Chiesa Valdese Palermo\" \/>\n<meta property=\"og:description\" content=\"Testo della predicazione tenuta dal past. Ciaccio, domenica 8 maggio 2016, per il Culto dell&#8217;Ascensione, in occasione della partecipazione dell&#8217;arcivescovo cattolico di Palermo Corrado Lorefice. Quanto agli undici discepoli, essi [&hellip;]\" \/>\n<meta property=\"og:url\" content=\"https:\/\/www.chiesavaldesepalermo.it\/pa\/predicazione-per-lascensione-a-cura-del-past-peter-ciaccio\/\" \/>\n<meta property=\"og:site_name\" content=\"Chiesa Valdese Palermo\" \/>\n<meta property=\"article:publisher\" content=\"https:\/\/www.facebook.com\/chiesavaldese.dipalermo\/\" \/>\n<meta property=\"article:published_time\" content=\"2016-05-08T16:10:26+00:00\" \/>\n<meta property=\"og:image\" content=\"https:\/\/www.chiesavaldesepalermo.it\/pa\/wp-content\/uploads\/2016\/05\/13147503_589601254533821_6285021294502944116_o.jpg\" \/>\n\t<meta property=\"og:image:width\" content=\"1236\" \/>\n\t<meta property=\"og:image:height\" content=\"664\" \/>\n\t<meta property=\"og:image:type\" content=\"image\/jpeg\" \/>\n<meta name=\"author\" content=\"Peter Ciaccio\" \/>\n<meta name=\"twitter:card\" content=\"summary_large_image\" \/>\n<meta name=\"twitter:creator\" content=\"@ValdesePa\" \/>\n<meta name=\"twitter:site\" content=\"@ValdesePa\" \/>\n<meta name=\"twitter:label1\" content=\"Scritto da\" \/>\n\t<meta name=\"twitter:data1\" content=\"Peter Ciaccio\" \/>\n\t<meta name=\"twitter:label2\" content=\"Tempo di lettura stimato\" \/>\n\t<meta name=\"twitter:data2\" content=\"5 minuti\" \/>\n<script type=\"application\/ld+json\" class=\"yoast-schema-graph\">{\"@context\":\"https:\\\/\\\/schema.org\",\"@graph\":[{\"@type\":\"Article\",\"@id\":\"https:\\\/\\\/www.chiesavaldesepalermo.it\\\/pa\\\/predicazione-per-lascensione-a-cura-del-past-peter-ciaccio\\\/#article\",\"isPartOf\":{\"@id\":\"https:\\\/\\\/www.chiesavaldesepalermo.it\\\/pa\\\/predicazione-per-lascensione-a-cura-del-past-peter-ciaccio\\\/\"},\"author\":{\"name\":\"Peter Ciaccio\",\"@id\":\"https:\\\/\\\/www.chiesavaldesepalermo.it\\\/pa\\\/#\\\/schema\\\/person\\\/779bfd48e74274424d076bd839792e66\"},\"headline\":\"Predicazione per l&#8217;Ascensione, a cura del past. Peter Ciaccio\",\"datePublished\":\"2016-05-08T16:10:26+00:00\",\"mainEntityOfPage\":{\"@id\":\"https:\\\/\\\/www.chiesavaldesepalermo.it\\\/pa\\\/predicazione-per-lascensione-a-cura-del-past-peter-ciaccio\\\/\"},\"wordCount\":1028,\"commentCount\":30,\"publisher\":{\"@id\":\"https:\\\/\\\/www.chiesavaldesepalermo.it\\\/pa\\\/#organization\"},\"image\":{\"@id\":\"https:\\\/\\\/www.chiesavaldesepalermo.it\\\/pa\\\/predicazione-per-lascensione-a-cura-del-past-peter-ciaccio\\\/#primaryimage\"},\"thumbnailUrl\":\"https:\\\/\\\/www.chiesavaldesepalermo.it\\\/pa\\\/wp-content\\\/uploads\\\/2016\\\/05\\\/13147503_589601254533821_6285021294502944116_o.jpg\",\"articleSection\":[\"Aggiornamenti\"],\"inLanguage\":\"it-IT\",\"potentialAction\":[{\"@type\":\"CommentAction\",\"name\":\"Comment\",\"target\":[\"https:\\\/\\\/www.chiesavaldesepalermo.it\\\/pa\\\/predicazione-per-lascensione-a-cura-del-past-peter-ciaccio\\\/#respond\"]}]},{\"@type\":\"WebPage\",\"@id\":\"https:\\\/\\\/www.chiesavaldesepalermo.it\\\/pa\\\/predicazione-per-lascensione-a-cura-del-past-peter-ciaccio\\\/\",\"url\":\"https:\\\/\\\/www.chiesavaldesepalermo.it\\\/pa\\\/predicazione-per-lascensione-a-cura-del-past-peter-ciaccio\\\/\",\"name\":\"Predicazione per l'Ascensione, a cura del past. Peter Ciaccio - Chiesa Valdese Palermo\",\"isPartOf\":{\"@id\":\"https:\\\/\\\/www.chiesavaldesepalermo.it\\\/pa\\\/#website\"},\"primaryImageOfPage\":{\"@id\":\"https:\\\/\\\/www.chiesavaldesepalermo.it\\\/pa\\\/predicazione-per-lascensione-a-cura-del-past-peter-ciaccio\\\/#primaryimage\"},\"image\":{\"@id\":\"https:\\\/\\\/www.chiesavaldesepalermo.it\\\/pa\\\/predicazione-per-lascensione-a-cura-del-past-peter-ciaccio\\\/#primaryimage\"},\"thumbnailUrl\":\"https:\\\/\\\/www.chiesavaldesepalermo.it\\\/pa\\\/wp-content\\\/uploads\\\/2016\\\/05\\\/13147503_589601254533821_6285021294502944116_o.jpg\",\"datePublished\":\"2016-05-08T16:10:26+00:00\",\"breadcrumb\":{\"@id\":\"https:\\\/\\\/www.chiesavaldesepalermo.it\\\/pa\\\/predicazione-per-lascensione-a-cura-del-past-peter-ciaccio\\\/#breadcrumb\"},\"inLanguage\":\"it-IT\",\"potentialAction\":[{\"@type\":\"ReadAction\",\"target\":[\"https:\\\/\\\/www.chiesavaldesepalermo.it\\\/pa\\\/predicazione-per-lascensione-a-cura-del-past-peter-ciaccio\\\/\"]}]},{\"@type\":\"ImageObject\",\"inLanguage\":\"it-IT\",\"@id\":\"https:\\\/\\\/www.chiesavaldesepalermo.it\\\/pa\\\/predicazione-per-lascensione-a-cura-del-past-peter-ciaccio\\\/#primaryimage\",\"url\":\"https:\\\/\\\/www.chiesavaldesepalermo.it\\\/pa\\\/wp-content\\\/uploads\\\/2016\\\/05\\\/13147503_589601254533821_6285021294502944116_o.jpg\",\"contentUrl\":\"https:\\\/\\\/www.chiesavaldesepalermo.it\\\/pa\\\/wp-content\\\/uploads\\\/2016\\\/05\\\/13147503_589601254533821_6285021294502944116_o.jpg\",\"width\":1236,\"height\":664},{\"@type\":\"BreadcrumbList\",\"@id\":\"https:\\\/\\\/www.chiesavaldesepalermo.it\\\/pa\\\/predicazione-per-lascensione-a-cura-del-past-peter-ciaccio\\\/#breadcrumb\",\"itemListElement\":[{\"@type\":\"ListItem\",\"position\":1,\"name\":\"Home\",\"item\":\"https:\\\/\\\/www.chiesavaldesepalermo.it\\\/pa\\\/\"},{\"@type\":\"ListItem\",\"position\":2,\"name\":\"Predicazione per l&#8217;Ascensione, a cura del past. Peter Ciaccio\"}]},{\"@type\":\"WebSite\",\"@id\":\"https:\\\/\\\/www.chiesavaldesepalermo.it\\\/pa\\\/#website\",\"url\":\"https:\\\/\\\/www.chiesavaldesepalermo.it\\\/pa\\\/\",\"name\":\"Chiesa Valdese Palermo\",\"description\":\"Portale online della chiesa valdese di Palermo\",\"publisher\":{\"@id\":\"https:\\\/\\\/www.chiesavaldesepalermo.it\\\/pa\\\/#organization\"},\"potentialAction\":[{\"@type\":\"SearchAction\",\"target\":{\"@type\":\"EntryPoint\",\"urlTemplate\":\"https:\\\/\\\/www.chiesavaldesepalermo.it\\\/pa\\\/?s={search_term_string}\"},\"query-input\":{\"@type\":\"PropertyValueSpecification\",\"valueRequired\":true,\"valueName\":\"search_term_string\"}}],\"inLanguage\":\"it-IT\"},{\"@type\":\"Organization\",\"@id\":\"https:\\\/\\\/www.chiesavaldesepalermo.it\\\/pa\\\/#organization\",\"name\":\"Chiesa Valdese di Palermo\",\"url\":\"https:\\\/\\\/www.chiesavaldesepalermo.it\\\/pa\\\/\",\"logo\":{\"@type\":\"ImageObject\",\"inLanguage\":\"it-IT\",\"@id\":\"https:\\\/\\\/www.chiesavaldesepalermo.it\\\/pa\\\/#\\\/schema\\\/logo\\\/image\\\/\",\"url\":\"https:\\\/\\\/www.chiesavaldesepalermo.it\\\/pa\\\/wp-content\\\/uploads\\\/2021\\\/01\\\/chiesa-valdese-min-scaled.jpg\",\"contentUrl\":\"https:\\\/\\\/www.chiesavaldesepalermo.it\\\/pa\\\/wp-content\\\/uploads\\\/2021\\\/01\\\/chiesa-valdese-min-scaled.jpg\",\"width\":2560,\"height\":1570,\"caption\":\"Chiesa Valdese di Palermo\"},\"image\":{\"@id\":\"https:\\\/\\\/www.chiesavaldesepalermo.it\\\/pa\\\/#\\\/schema\\\/logo\\\/image\\\/\"},\"sameAs\":[\"https:\\\/\\\/www.facebook.com\\\/chiesavaldese.dipalermo\\\/\",\"https:\\\/\\\/x.com\\\/ValdesePa\",\"https:\\\/\\\/it.pinterest.com\\\/chiesavaldesepalermo\\\/\",\"https:\\\/\\\/it.wikipedia.org\\\/wiki\\\/Chiesa_evangelica_valdese#\\\/media\\\/File:Palermo-Chiesa-Valdese-bjs2007-01.jpg\"]},{\"@type\":\"Person\",\"@id\":\"https:\\\/\\\/www.chiesavaldesepalermo.it\\\/pa\\\/#\\\/schema\\\/person\\\/779bfd48e74274424d076bd839792e66\",\"name\":\"Peter Ciaccio\",\"image\":{\"@type\":\"ImageObject\",\"inLanguage\":\"it-IT\",\"@id\":\"https:\\\/\\\/secure.gravatar.com\\\/avatar\\\/03620a5901222cea7c4f989168aa516457e976d18873c52de1efd8c5288e437e?s=96&d=mm&r=g\",\"url\":\"https:\\\/\\\/secure.gravatar.com\\\/avatar\\\/03620a5901222cea7c4f989168aa516457e976d18873c52de1efd8c5288e437e?s=96&d=mm&r=g\",\"contentUrl\":\"https:\\\/\\\/secure.gravatar.com\\\/avatar\\\/03620a5901222cea7c4f989168aa516457e976d18873c52de1efd8c5288e437e?s=96&d=mm&r=g\",\"caption\":\"Peter Ciaccio\"},\"url\":\"https:\\\/\\\/www.chiesavaldesepalermo.it\\\/pa\\\/author\\\/pciaccio\\\/\"}]}<\/script>\n<!-- \/ Yoast SEO plugin. -->","yoast_head_json":{"title":"Predicazione per l'Ascensione, a cura del past. Peter Ciaccio - Chiesa Valdese Palermo","robots":{"index":"index","follow":"follow","max-snippet":"max-snippet:-1","max-image-preview":"max-image-preview:large","max-video-preview":"max-video-preview:-1"},"canonical":"https:\/\/www.chiesavaldesepalermo.it\/pa\/predicazione-per-lascensione-a-cura-del-past-peter-ciaccio\/","og_locale":"it_IT","og_type":"article","og_title":"Predicazione per l'Ascensione, a cura del past. Peter Ciaccio - Chiesa Valdese Palermo","og_description":"Testo della predicazione tenuta dal past. Ciaccio, domenica 8 maggio 2016, per il Culto dell&#8217;Ascensione, in occasione della partecipazione dell&#8217;arcivescovo cattolico di Palermo Corrado Lorefice. Quanto agli undici discepoli, essi [&hellip;]","og_url":"https:\/\/www.chiesavaldesepalermo.it\/pa\/predicazione-per-lascensione-a-cura-del-past-peter-ciaccio\/","og_site_name":"Chiesa Valdese Palermo","article_publisher":"https:\/\/www.facebook.com\/chiesavaldese.dipalermo\/","article_published_time":"2016-05-08T16:10:26+00:00","og_image":[{"width":1236,"height":664,"url":"https:\/\/www.chiesavaldesepalermo.it\/pa\/wp-content\/uploads\/2016\/05\/13147503_589601254533821_6285021294502944116_o.jpg","type":"image\/jpeg"}],"author":"Peter Ciaccio","twitter_card":"summary_large_image","twitter_creator":"@ValdesePa","twitter_site":"@ValdesePa","twitter_misc":{"Scritto da":"Peter Ciaccio","Tempo di lettura stimato":"5 minuti"},"schema":{"@context":"https:\/\/schema.org","@graph":[{"@type":"Article","@id":"https:\/\/www.chiesavaldesepalermo.it\/pa\/predicazione-per-lascensione-a-cura-del-past-peter-ciaccio\/#article","isPartOf":{"@id":"https:\/\/www.chiesavaldesepalermo.it\/pa\/predicazione-per-lascensione-a-cura-del-past-peter-ciaccio\/"},"author":{"name":"Peter Ciaccio","@id":"https:\/\/www.chiesavaldesepalermo.it\/pa\/#\/schema\/person\/779bfd48e74274424d076bd839792e66"},"headline":"Predicazione per l&#8217;Ascensione, a cura del past. Peter Ciaccio","datePublished":"2016-05-08T16:10:26+00:00","mainEntityOfPage":{"@id":"https:\/\/www.chiesavaldesepalermo.it\/pa\/predicazione-per-lascensione-a-cura-del-past-peter-ciaccio\/"},"wordCount":1028,"commentCount":30,"publisher":{"@id":"https:\/\/www.chiesavaldesepalermo.it\/pa\/#organization"},"image":{"@id":"https:\/\/www.chiesavaldesepalermo.it\/pa\/predicazione-per-lascensione-a-cura-del-past-peter-ciaccio\/#primaryimage"},"thumbnailUrl":"https:\/\/www.chiesavaldesepalermo.it\/pa\/wp-content\/uploads\/2016\/05\/13147503_589601254533821_6285021294502944116_o.jpg","articleSection":["Aggiornamenti"],"inLanguage":"it-IT","potentialAction":[{"@type":"CommentAction","name":"Comment","target":["https:\/\/www.chiesavaldesepalermo.it\/pa\/predicazione-per-lascensione-a-cura-del-past-peter-ciaccio\/#respond"]}]},{"@type":"WebPage","@id":"https:\/\/www.chiesavaldesepalermo.it\/pa\/predicazione-per-lascensione-a-cura-del-past-peter-ciaccio\/","url":"https:\/\/www.chiesavaldesepalermo.it\/pa\/predicazione-per-lascensione-a-cura-del-past-peter-ciaccio\/","name":"Predicazione per l'Ascensione, a cura del past. Peter Ciaccio - Chiesa Valdese Palermo","isPartOf":{"@id":"https:\/\/www.chiesavaldesepalermo.it\/pa\/#website"},"primaryImageOfPage":{"@id":"https:\/\/www.chiesavaldesepalermo.it\/pa\/predicazione-per-lascensione-a-cura-del-past-peter-ciaccio\/#primaryimage"},"image":{"@id":"https:\/\/www.chiesavaldesepalermo.it\/pa\/predicazione-per-lascensione-a-cura-del-past-peter-ciaccio\/#primaryimage"},"thumbnailUrl":"https:\/\/www.chiesavaldesepalermo.it\/pa\/wp-content\/uploads\/2016\/05\/13147503_589601254533821_6285021294502944116_o.jpg","datePublished":"2016-05-08T16:10:26+00:00","breadcrumb":{"@id":"https:\/\/www.chiesavaldesepalermo.it\/pa\/predicazione-per-lascensione-a-cura-del-past-peter-ciaccio\/#breadcrumb"},"inLanguage":"it-IT","potentialAction":[{"@type":"ReadAction","target":["https:\/\/www.chiesavaldesepalermo.it\/pa\/predicazione-per-lascensione-a-cura-del-past-peter-ciaccio\/"]}]},{"@type":"ImageObject","inLanguage":"it-IT","@id":"https:\/\/www.chiesavaldesepalermo.it\/pa\/predicazione-per-lascensione-a-cura-del-past-peter-ciaccio\/#primaryimage","url":"https:\/\/www.chiesavaldesepalermo.it\/pa\/wp-content\/uploads\/2016\/05\/13147503_589601254533821_6285021294502944116_o.jpg","contentUrl":"https:\/\/www.chiesavaldesepalermo.it\/pa\/wp-content\/uploads\/2016\/05\/13147503_589601254533821_6285021294502944116_o.jpg","width":1236,"height":664},{"@type":"BreadcrumbList","@id":"https:\/\/www.chiesavaldesepalermo.it\/pa\/predicazione-per-lascensione-a-cura-del-past-peter-ciaccio\/#breadcrumb","itemListElement":[{"@type":"ListItem","position":1,"name":"Home","item":"https:\/\/www.chiesavaldesepalermo.it\/pa\/"},{"@type":"ListItem","position":2,"name":"Predicazione per l&#8217;Ascensione, a cura del past. Peter Ciaccio"}]},{"@type":"WebSite","@id":"https:\/\/www.chiesavaldesepalermo.it\/pa\/#website","url":"https:\/\/www.chiesavaldesepalermo.it\/pa\/","name":"Chiesa Valdese Palermo","description":"Portale online della chiesa valdese di Palermo","publisher":{"@id":"https:\/\/www.chiesavaldesepalermo.it\/pa\/#organization"},"potentialAction":[{"@type":"SearchAction","target":{"@type":"EntryPoint","urlTemplate":"https:\/\/www.chiesavaldesepalermo.it\/pa\/?s={search_term_string}"},"query-input":{"@type":"PropertyValueSpecification","valueRequired":true,"valueName":"search_term_string"}}],"inLanguage":"it-IT"},{"@type":"Organization","@id":"https:\/\/www.chiesavaldesepalermo.it\/pa\/#organization","name":"Chiesa Valdese di Palermo","url":"https:\/\/www.chiesavaldesepalermo.it\/pa\/","logo":{"@type":"ImageObject","inLanguage":"it-IT","@id":"https:\/\/www.chiesavaldesepalermo.it\/pa\/#\/schema\/logo\/image\/","url":"https:\/\/www.chiesavaldesepalermo.it\/pa\/wp-content\/uploads\/2021\/01\/chiesa-valdese-min-scaled.jpg","contentUrl":"https:\/\/www.chiesavaldesepalermo.it\/pa\/wp-content\/uploads\/2021\/01\/chiesa-valdese-min-scaled.jpg","width":2560,"height":1570,"caption":"Chiesa Valdese di Palermo"},"image":{"@id":"https:\/\/www.chiesavaldesepalermo.it\/pa\/#\/schema\/logo\/image\/"},"sameAs":["https:\/\/www.facebook.com\/chiesavaldese.dipalermo\/","https:\/\/x.com\/ValdesePa","https:\/\/it.pinterest.com\/chiesavaldesepalermo\/","https:\/\/it.wikipedia.org\/wiki\/Chiesa_evangelica_valdese#\/media\/File:Palermo-Chiesa-Valdese-bjs2007-01.jpg"]},{"@type":"Person","@id":"https:\/\/www.chiesavaldesepalermo.it\/pa\/#\/schema\/person\/779bfd48e74274424d076bd839792e66","name":"Peter Ciaccio","image":{"@type":"ImageObject","inLanguage":"it-IT","@id":"https:\/\/secure.gravatar.com\/avatar\/03620a5901222cea7c4f989168aa516457e976d18873c52de1efd8c5288e437e?s=96&d=mm&r=g","url":"https:\/\/secure.gravatar.com\/avatar\/03620a5901222cea7c4f989168aa516457e976d18873c52de1efd8c5288e437e?s=96&d=mm&r=g","contentUrl":"https:\/\/secure.gravatar.com\/avatar\/03620a5901222cea7c4f989168aa516457e976d18873c52de1efd8c5288e437e?s=96&d=mm&r=g","caption":"Peter Ciaccio"},"url":"https:\/\/www.chiesavaldesepalermo.it\/pa\/author\/pciaccio\/"}]}},"_links":{"self":[{"href":"https:\/\/www.chiesavaldesepalermo.it\/pa\/wp-json\/wp\/v2\/posts\/426","targetHints":{"allow":["GET"]}}],"collection":[{"href":"https:\/\/www.chiesavaldesepalermo.it\/pa\/wp-json\/wp\/v2\/posts"}],"about":[{"href":"https:\/\/www.chiesavaldesepalermo.it\/pa\/wp-json\/wp\/v2\/types\/post"}],"author":[{"embeddable":true,"href":"https:\/\/www.chiesavaldesepalermo.it\/pa\/wp-json\/wp\/v2\/users\/2"}],"replies":[{"embeddable":true,"href":"https:\/\/www.chiesavaldesepalermo.it\/pa\/wp-json\/wp\/v2\/comments?post=426"}],"version-history":[{"count":1,"href":"https:\/\/www.chiesavaldesepalermo.it\/pa\/wp-json\/wp\/v2\/posts\/426\/revisions"}],"predecessor-version":[{"id":428,"href":"https:\/\/www.chiesavaldesepalermo.it\/pa\/wp-json\/wp\/v2\/posts\/426\/revisions\/428"}],"wp:featuredmedia":[{"embeddable":true,"href":"https:\/\/www.chiesavaldesepalermo.it\/pa\/wp-json\/wp\/v2\/media\/427"}],"wp:attachment":[{"href":"https:\/\/www.chiesavaldesepalermo.it\/pa\/wp-json\/wp\/v2\/media?parent=426"}],"wp:term":[{"taxonomy":"category","embeddable":true,"href":"https:\/\/www.chiesavaldesepalermo.it\/pa\/wp-json\/wp\/v2\/categories?post=426"},{"taxonomy":"post_tag","embeddable":true,"href":"https:\/\/www.chiesavaldesepalermo.it\/pa\/wp-json\/wp\/v2\/tags?post=426"}],"curies":[{"name":"wp","href":"https:\/\/api.w.org\/{rel}","templated":true}]}}