{"id":574,"date":"2017-06-10T16:15:13","date_gmt":"2017-06-10T14:15:13","guid":{"rendered":"http:\/\/www.chiesavaldesepalermo.it\/pa\/?p=574"},"modified":"2017-06-10T16:15:13","modified_gmt":"2017-06-10T14:15:13","slug":"predicazione-di-pentecoste-2017","status":"publish","type":"post","link":"https:\/\/www.chiesavaldesepalermo.it\/pa\/predicazione-di-pentecoste-2017\/","title":{"rendered":"Predicazione di Pentecoste 2017"},"content":{"rendered":"<p><em>Predicazione a cura del pastore Peter Ciaccio, esposta durante il culto di Pentecoste, domenica 4 giugno scorso sul testo di Giovanni 16, 5-15. Nel corso del culto sono stati ammessi quali nuovi membri di chiesa tre sorelle e un fratello.<\/em><\/p>\n<p><strong>\u00abMa ora vado a colui che mi ha mandato; e nessuno di voi mi domanda: &#8220;Dove vai?&#8221; Invece, perch\u00e9 vi ho detto queste cose, la tristezza vi ha riempito il cuore. Eppure, io vi dico la verit\u00e0: \u00e8 utile per voi che io me ne vada; perch\u00e9, se non me ne vado, non verr\u00e0 a voi il Consolatore; ma se me ne vado, io ve lo mander\u00f2. Quando sar\u00e0 venuto, convincer\u00e0 il mondo quanto al peccato, alla giustizia e al giudizio. Quanto al peccato, perch\u00e9 non credono in me; 10\u00a0quanto alla giustizia, perch\u00e9 vado al Padre e non mi vedrete pi\u00f9; quanto al giudizio, perch\u00e9 il principe di questo mondo \u00e8 stato giudicato.<\/strong><\/p>\n<p><strong>Ho ancora molte cose da dirvi; ma non sono per ora alla vostra portata; quando per\u00f2 sar\u00e0 venuto lui, lo Spirito della verit\u00e0, egli vi guider\u00e0 in tutta la verit\u00e0, perch\u00e9 non parler\u00e0 di suo, ma dir\u00e0 tutto quello che avr\u00e0 udito, e vi annuncer\u00e0 le cose a venire. Egli mi glorificher\u00e0 perch\u00e9 prender\u00e0 del mio e ve lo annuncer\u00e0. Tutte le cose che ha il Padre, sono mie; per questo ho detto che prender\u00e0 del mio e ve lo annuncer\u00e0\u00bb. [Giovanni 15, 5-15]<\/strong><\/p>\n<p>\u201cHo ancora molte cose da dirvi; ma non sono per ora alla vostra portata\u201d. Questo versetto dovrebbe restare piantato nella mente di tutte le sorelle e i fratelli che fanno un percorso di catechismo nella nostra chiesa, siano giovani o adulti. Il versetto pu\u00f2 sembrare paternalista, se vuoi addirittura un po\u2019 misterico, ma, insomma, quando Ges\u00f9 ci dice qualcosa, difficile che ribattiamo. Per\u00f2 poi abbiamo paura noi a dire queste cose, perch\u00e9 non siamo Ges\u00f9 e a noi il prossimo ribatte, eccome.<\/p>\n<p>Ma ve lo immaginate un pastore che vi dica: \u201cHo ancora molte cose da dirti; ma non sono per ora alla tua portata\u201d? Come vi sentireste, come gli rispondereste? Oggi mi prendo il rischio. Oggi ve lo dico. \u201cCare Annette, Giuseppina e Lidia, caro Gandolfo, ho ancora molte cose da dirvi; ma non sono per ora alla vostra portata\u201d. Ecco, come vi sentite?<\/p>\n<p>Per\u00f2, un momento, avverto un sospiro di sollievo da parte degli altri: meno male che l\u2019ho detto a loro quattro e non a voi altri, vero? E invece lo dico anche a voi: \u201cHo ancora molte cose da dirvi; ma non sono per ora alla vostra portata\u201d.<\/p>\n<p>Ecco, l\u2019ho fatto, l\u2019ho detto. Ma ora vi spiego cosa significa in linguaggio pi\u00f9 moderno, pi\u00f9 vicino alla nostra esperienza.<\/p>\n<p>Sorelle, fratelli, non \u00e8 finita qui. Dico ad Annette, a Giuseppina, a Lidia, a Gandolfo. E dico pure a voi altri. Non \u00e8 finita qui. Se il percorso per diventare membro di chiesa a un certo momento si conclude, il cammino con Ges\u00f9 non finisce mai. Ges\u00f9 ha ancora cose da dirci. Ci sono cose che comprendiamo solo camminando con Lui. Ci sono cose che ci mettiamo anni, decenni a capire. Ci sono cose che ci porteremo nella tomba\u2026 e forse, se mi passate la battuta, \u00e8 per questo che il Signore ci promette la resurrezione: perch\u00e9 non ha finito di dirci delle cose, non ha finito di spiegarci.<\/p>\n<p>Un giorno sar\u00e0 finito. Un giorno tutto sar\u00e0 rivelato. Ma quel giorno non \u00e8 oggi. Quel giorno non lo decidiamo noi, quel giorno lo decide il Signore.<\/p>\n<p>Quello che compiamo oggi \u00e8 un passaggio importante.<\/p>\n<p>\u00c8 un momento di presa di coscienza. Io sono cristiano e voglio camminare insieme alle sorelle e ai fratelli protestanti. Molte tra le persone che si avvicinano a questa chiesa mi dicono: \u201cEro protestante e non lo sapevo\u201d. \u00c8 un momento forte di autocoscienza. Chi sono io? Dove voglio stare? Con chi voglio andare? \u00c8 uno di quei momenti in cui ci si domanda: ma ho scelto io di venire qui o \u00e8 il Signore che mi ci ha portato? Ad ogni modo, \u00e8 come quel momento in cui Lutero davanti alla Dieta imperiale, alla richiesta di ritrattare, rispose: \u201cIo resto qui, che Dio mi aiuti\u201d.<\/p>\n<p>\u00c8 un momento di accoglienza, in cui la chiesa cui avete chiesto l\u2019ammissione, vi dice: va bene, ti vogliamo con noi. Badate, a volte si pensa: \u201cChi sono io per dire che quella persona non pu\u00f2 essere membro di chiesa?\u201d Come chi sei!? Sei la persona cui il fratello o la sorella ti ha chiesto: posso camminare con te? Ma ve lo immaginate, un uomo che chiede a una donna: \u201cvuoi diventare mia moglie?\u201d; e lei che risponde: \u201cchi sono io per dirti di no?\u201d Ma come chi sei!? L\u2019ha chiesto a te, mica al primo che capita, a uno di passaggio. L\u2019ha chiesto a te e tu devi rispondere s\u00ec o no.<\/p>\n<p>\u00c8 un momento di testimonianza. Non della chiesa valdese, ma dell\u2019amore di Ges\u00f9 Cristo, che ci chiede di seguirlo insieme agli altri, che non solo ci rivela di essere figli e figlie del Padre, ma ci rivela che siamo fratelli e sorelle gli uni degli altri. Guardate che questo \u00e8 importante e badate a non dimenticarlo. Come potete immaginare, con Annette, Lidia, Gandolfo e Giuseppina, s\u2019\u00e8 creato un bel rapporto, cio\u00e8 intendo dire con me. C\u2019\u00e8 affetto, c\u2019\u00e8 stima, c\u2019\u00e8 voglia di prendersi un caff\u00e8 insieme o qualcosa di pi\u00f9. Ma non \u00e8 questo importante, o almeno \u00e8 importante, ma non \u00e8 questo il senso della giornata di oggi. Il senso \u00e8 affermare pubblicamente il loro legame con questa comunit\u00e0, con questo pezzettino della Chiesa di Ges\u00f9 Cristo, che si riunisce qui e che cerca con difficolt\u00e0 di andare avanti. Loro non sono miei seguaci: sono discepoli di Cristo, come ciascuno e ciascuna di voi. Seguono Cristo e lo seguono insieme a voi tutti e tutte.<\/p>\n<p>Questa chiesa ha la tradizione di accogliere i nuovi membri nel giorno di Pentecoste. \u00c8 una tradizione, \u00e8 una convenzione, \u00e8 una scelta e avremmo potuto farne altre, scegliere un altro giorno. Ma questo non significa che non ci sia un motivo per questa scelta. Il motivo \u00e8 che i discepoli di Cristo senza lo Spirito Santo sono persi.<\/p>\n<p>Sapete, c\u2019\u00e8 un giorno in cui ognuno di noi conosce Ges\u00f9. Il giorno in cui ve ne hanno parlato per primi, il giorno in cui avete capito che Ges\u00f9 era il vostro unico Signore e Salvatore. Cos\u00ec come c\u2019\u00e8 un giorno in cui il Signore s\u2019\u00e8 incarnato, un giorno in cui \u00e8 morto, un giorno in cui \u00e8 risorto. La salvezza, la grazia, \u00e8 un momento, \u00e8 un giorno. E poi? E poi che si fa? Quante storie abbiamo letto nei vangeli di persone che dicono: \u201cGrazie, Signore, ma ora che succede?\u201d<\/p>\n<p>Ora succede che andiamo avanti, che camminiamo. E lo Spirito Santo \u00e8 la nostra guida, il nostro consolatore. Affidandoci alla sua guida, noi possiamo andare avanti. Questa \u00e8 la fiducia della chiesa. Questo \u00e8 il motivo pi\u00f9 profondo dell\u2019esistenza della chiesa. S\u00ec, credere in Cristo, credere che Ges\u00f9 sia il mio giudice e avvocato, il mio unico sacerdote, la mia ragione di vita, tutto questo \u00e8 importante. Ma a che serve la chiesa, se non a raccoglierci, noi, donne e uomini imperfetti e a metterci in cammino? Ecco l\u2019importanza della Pentecoste. I discepoli di Ges\u00f9 erano rinchiusi nel cenacolo. Lo Spirito li fa uscire fuori. Lo Spirito d\u00e0 loro coraggio. Lo Spirito rende fruttuosa la loro opera. Lo Spirito rende sicuri i loro passi. Lo Spirito crea una vita nuova qui e ora. Una vita nuova, insieme agli altri.<\/p>\n<p>Annette, Giuseppina, Lidia, Gandolfo. E tutti gli altri e le altre. Grazie allo Spirito possiamo camminare insieme e fare esperienza della grazia e dell\u2019amore di Dio.<\/p>\n<p>Amen.<\/p>\n","protected":false},"excerpt":{"rendered":"<p>Predicazione a cura del pastore Peter Ciaccio, esposta durante il culto di Pentecoste, domenica 4 giugno scorso sul testo di Giovanni 16, 5-15. Nel corso del culto sono stati ammessi [&hellip;]<\/p>\n","protected":false},"author":2,"featured_media":575,"comment_status":"open","ping_status":"closed","sticky":false,"template":"","format":"standard","meta":{"_EventAllDay":false,"_EventTimezone":"","_EventStartDate":"","_EventEndDate":"","_EventStartDateUTC":"","_EventEndDateUTC":"","_EventShowMap":false,"_EventShowMapLink":false,"_EventURL":"","_EventCost":"","_EventCostDescription":"","_EventCurrencySymbol":"","_EventCurrencyCode":"","_EventCurrencyPosition":"","_EventDateTimeSeparator":"","_EventTimeRangeSeparator":"","_EventOrganizerID":[],"_EventVenueID":[],"_OrganizerEmail":"","_OrganizerPhone":"","_OrganizerWebsite":"","_VenueAddress":"","_VenueCity":"","_VenueCountry":"","_VenueProvince":"","_VenueState":"","_VenueZip":"","_VenuePhone":"","_VenueURL":"","_VenueStateProvince":"","_VenueLat":"","_VenueLng":"","_VenueShowMap":false,"_VenueShowMapLink":false,"footnotes":""},"categories":[5],"tags":[],"class_list":{"0":"post-574","1":"post","2":"type-post","3":"status-publish","4":"format-standard","5":"has-post-thumbnail","7":"category-predicazioni","8":"czr-hentry"},"yoast_head":"<!-- This site is optimized with the Yoast SEO plugin v27.4 - https:\/\/yoast.com\/product\/yoast-seo-wordpress\/ -->\n<title>Predicazione di Pentecoste 2017 - Chiesa Valdese Palermo<\/title>\n<meta name=\"robots\" content=\"index, follow, max-snippet:-1, max-image-preview:large, max-video-preview:-1\" \/>\n<link rel=\"canonical\" href=\"https:\/\/www.chiesavaldesepalermo.it\/pa\/predicazione-di-pentecoste-2017\/\" \/>\n<meta property=\"og:locale\" content=\"it_IT\" \/>\n<meta property=\"og:type\" content=\"article\" \/>\n<meta property=\"og:title\" content=\"Predicazione di Pentecoste 2017 - Chiesa Valdese Palermo\" \/>\n<meta property=\"og:description\" content=\"Predicazione a cura del pastore Peter Ciaccio, esposta durante il culto di Pentecoste, domenica 4 giugno scorso sul testo di Giovanni 16, 5-15. Nel corso del culto sono stati ammessi [&hellip;]\" \/>\n<meta property=\"og:url\" content=\"https:\/\/www.chiesavaldesepalermo.it\/pa\/predicazione-di-pentecoste-2017\/\" \/>\n<meta property=\"og:site_name\" content=\"Chiesa Valdese Palermo\" \/>\n<meta property=\"article:publisher\" content=\"https:\/\/www.facebook.com\/chiesavaldese.dipalermo\/\" \/>\n<meta property=\"article:published_time\" content=\"2017-06-10T14:15:13+00:00\" \/>\n<meta property=\"og:image\" content=\"https:\/\/www.chiesavaldesepalermo.it\/pa\/wp-content\/uploads\/2017\/06\/220px-Croix_huguenote.svg.png\" \/>\n\t<meta property=\"og:image:width\" content=\"220\" \/>\n\t<meta property=\"og:image:height\" content=\"280\" \/>\n\t<meta property=\"og:image:type\" content=\"image\/png\" \/>\n<meta name=\"author\" content=\"Peter Ciaccio\" \/>\n<meta name=\"twitter:card\" content=\"summary_large_image\" \/>\n<meta name=\"twitter:creator\" content=\"@ValdesePa\" \/>\n<meta name=\"twitter:site\" content=\"@ValdesePa\" \/>\n<meta name=\"twitter:label1\" content=\"Scritto da\" \/>\n\t<meta name=\"twitter:data1\" content=\"Peter Ciaccio\" \/>\n\t<meta name=\"twitter:label2\" content=\"Tempo di lettura stimato\" \/>\n\t<meta name=\"twitter:data2\" content=\"6 minuti\" \/>\n<script type=\"application\/ld+json\" class=\"yoast-schema-graph\">{\"@context\":\"https:\\\/\\\/schema.org\",\"@graph\":[{\"@type\":\"Article\",\"@id\":\"https:\\\/\\\/www.chiesavaldesepalermo.it\\\/pa\\\/predicazione-di-pentecoste-2017\\\/#article\",\"isPartOf\":{\"@id\":\"https:\\\/\\\/www.chiesavaldesepalermo.it\\\/pa\\\/predicazione-di-pentecoste-2017\\\/\"},\"author\":{\"name\":\"Peter Ciaccio\",\"@id\":\"https:\\\/\\\/www.chiesavaldesepalermo.it\\\/pa\\\/#\\\/schema\\\/person\\\/779bfd48e74274424d076bd839792e66\"},\"headline\":\"Predicazione di Pentecoste 2017\",\"datePublished\":\"2017-06-10T14:15:13+00:00\",\"mainEntityOfPage\":{\"@id\":\"https:\\\/\\\/www.chiesavaldesepalermo.it\\\/pa\\\/predicazione-di-pentecoste-2017\\\/\"},\"wordCount\":1274,\"commentCount\":0,\"publisher\":{\"@id\":\"https:\\\/\\\/www.chiesavaldesepalermo.it\\\/pa\\\/#organization\"},\"image\":{\"@id\":\"https:\\\/\\\/www.chiesavaldesepalermo.it\\\/pa\\\/predicazione-di-pentecoste-2017\\\/#primaryimage\"},\"thumbnailUrl\":\"https:\\\/\\\/www.chiesavaldesepalermo.it\\\/pa\\\/wp-content\\\/uploads\\\/2017\\\/06\\\/220px-Croix_huguenote.svg.png\",\"articleSection\":[\"Predicazioni\"],\"inLanguage\":\"it-IT\",\"potentialAction\":[{\"@type\":\"CommentAction\",\"name\":\"Comment\",\"target\":[\"https:\\\/\\\/www.chiesavaldesepalermo.it\\\/pa\\\/predicazione-di-pentecoste-2017\\\/#respond\"]}]},{\"@type\":\"WebPage\",\"@id\":\"https:\\\/\\\/www.chiesavaldesepalermo.it\\\/pa\\\/predicazione-di-pentecoste-2017\\\/\",\"url\":\"https:\\\/\\\/www.chiesavaldesepalermo.it\\\/pa\\\/predicazione-di-pentecoste-2017\\\/\",\"name\":\"Predicazione di Pentecoste 2017 - Chiesa Valdese Palermo\",\"isPartOf\":{\"@id\":\"https:\\\/\\\/www.chiesavaldesepalermo.it\\\/pa\\\/#website\"},\"primaryImageOfPage\":{\"@id\":\"https:\\\/\\\/www.chiesavaldesepalermo.it\\\/pa\\\/predicazione-di-pentecoste-2017\\\/#primaryimage\"},\"image\":{\"@id\":\"https:\\\/\\\/www.chiesavaldesepalermo.it\\\/pa\\\/predicazione-di-pentecoste-2017\\\/#primaryimage\"},\"thumbnailUrl\":\"https:\\\/\\\/www.chiesavaldesepalermo.it\\\/pa\\\/wp-content\\\/uploads\\\/2017\\\/06\\\/220px-Croix_huguenote.svg.png\",\"datePublished\":\"2017-06-10T14:15:13+00:00\",\"breadcrumb\":{\"@id\":\"https:\\\/\\\/www.chiesavaldesepalermo.it\\\/pa\\\/predicazione-di-pentecoste-2017\\\/#breadcrumb\"},\"inLanguage\":\"it-IT\",\"potentialAction\":[{\"@type\":\"ReadAction\",\"target\":[\"https:\\\/\\\/www.chiesavaldesepalermo.it\\\/pa\\\/predicazione-di-pentecoste-2017\\\/\"]}]},{\"@type\":\"ImageObject\",\"inLanguage\":\"it-IT\",\"@id\":\"https:\\\/\\\/www.chiesavaldesepalermo.it\\\/pa\\\/predicazione-di-pentecoste-2017\\\/#primaryimage\",\"url\":\"https:\\\/\\\/www.chiesavaldesepalermo.it\\\/pa\\\/wp-content\\\/uploads\\\/2017\\\/06\\\/220px-Croix_huguenote.svg.png\",\"contentUrl\":\"https:\\\/\\\/www.chiesavaldesepalermo.it\\\/pa\\\/wp-content\\\/uploads\\\/2017\\\/06\\\/220px-Croix_huguenote.svg.png\",\"width\":220,\"height\":280},{\"@type\":\"BreadcrumbList\",\"@id\":\"https:\\\/\\\/www.chiesavaldesepalermo.it\\\/pa\\\/predicazione-di-pentecoste-2017\\\/#breadcrumb\",\"itemListElement\":[{\"@type\":\"ListItem\",\"position\":1,\"name\":\"Home\",\"item\":\"https:\\\/\\\/www.chiesavaldesepalermo.it\\\/pa\\\/\"},{\"@type\":\"ListItem\",\"position\":2,\"name\":\"Predicazione di Pentecoste 2017\"}]},{\"@type\":\"WebSite\",\"@id\":\"https:\\\/\\\/www.chiesavaldesepalermo.it\\\/pa\\\/#website\",\"url\":\"https:\\\/\\\/www.chiesavaldesepalermo.it\\\/pa\\\/\",\"name\":\"Chiesa Valdese Palermo\",\"description\":\"Portale online della chiesa valdese di Palermo\",\"publisher\":{\"@id\":\"https:\\\/\\\/www.chiesavaldesepalermo.it\\\/pa\\\/#organization\"},\"potentialAction\":[{\"@type\":\"SearchAction\",\"target\":{\"@type\":\"EntryPoint\",\"urlTemplate\":\"https:\\\/\\\/www.chiesavaldesepalermo.it\\\/pa\\\/?s={search_term_string}\"},\"query-input\":{\"@type\":\"PropertyValueSpecification\",\"valueRequired\":true,\"valueName\":\"search_term_string\"}}],\"inLanguage\":\"it-IT\"},{\"@type\":\"Organization\",\"@id\":\"https:\\\/\\\/www.chiesavaldesepalermo.it\\\/pa\\\/#organization\",\"name\":\"Chiesa Valdese di Palermo\",\"url\":\"https:\\\/\\\/www.chiesavaldesepalermo.it\\\/pa\\\/\",\"logo\":{\"@type\":\"ImageObject\",\"inLanguage\":\"it-IT\",\"@id\":\"https:\\\/\\\/www.chiesavaldesepalermo.it\\\/pa\\\/#\\\/schema\\\/logo\\\/image\\\/\",\"url\":\"https:\\\/\\\/www.chiesavaldesepalermo.it\\\/pa\\\/wp-content\\\/uploads\\\/2021\\\/01\\\/chiesa-valdese-min-scaled.jpg\",\"contentUrl\":\"https:\\\/\\\/www.chiesavaldesepalermo.it\\\/pa\\\/wp-content\\\/uploads\\\/2021\\\/01\\\/chiesa-valdese-min-scaled.jpg\",\"width\":2560,\"height\":1570,\"caption\":\"Chiesa Valdese di Palermo\"},\"image\":{\"@id\":\"https:\\\/\\\/www.chiesavaldesepalermo.it\\\/pa\\\/#\\\/schema\\\/logo\\\/image\\\/\"},\"sameAs\":[\"https:\\\/\\\/www.facebook.com\\\/chiesavaldese.dipalermo\\\/\",\"https:\\\/\\\/x.com\\\/ValdesePa\",\"https:\\\/\\\/it.pinterest.com\\\/chiesavaldesepalermo\\\/\",\"https:\\\/\\\/it.wikipedia.org\\\/wiki\\\/Chiesa_evangelica_valdese#\\\/media\\\/File:Palermo-Chiesa-Valdese-bjs2007-01.jpg\"]},{\"@type\":\"Person\",\"@id\":\"https:\\\/\\\/www.chiesavaldesepalermo.it\\\/pa\\\/#\\\/schema\\\/person\\\/779bfd48e74274424d076bd839792e66\",\"name\":\"Peter Ciaccio\",\"image\":{\"@type\":\"ImageObject\",\"inLanguage\":\"it-IT\",\"@id\":\"https:\\\/\\\/secure.gravatar.com\\\/avatar\\\/03620a5901222cea7c4f989168aa516457e976d18873c52de1efd8c5288e437e?s=96&d=mm&r=g\",\"url\":\"https:\\\/\\\/secure.gravatar.com\\\/avatar\\\/03620a5901222cea7c4f989168aa516457e976d18873c52de1efd8c5288e437e?s=96&d=mm&r=g\",\"contentUrl\":\"https:\\\/\\\/secure.gravatar.com\\\/avatar\\\/03620a5901222cea7c4f989168aa516457e976d18873c52de1efd8c5288e437e?s=96&d=mm&r=g\",\"caption\":\"Peter Ciaccio\"},\"url\":\"https:\\\/\\\/www.chiesavaldesepalermo.it\\\/pa\\\/author\\\/pciaccio\\\/\"}]}<\/script>\n<!-- \/ Yoast SEO plugin. -->","yoast_head_json":{"title":"Predicazione di Pentecoste 2017 - Chiesa Valdese Palermo","robots":{"index":"index","follow":"follow","max-snippet":"max-snippet:-1","max-image-preview":"max-image-preview:large","max-video-preview":"max-video-preview:-1"},"canonical":"https:\/\/www.chiesavaldesepalermo.it\/pa\/predicazione-di-pentecoste-2017\/","og_locale":"it_IT","og_type":"article","og_title":"Predicazione di Pentecoste 2017 - Chiesa Valdese Palermo","og_description":"Predicazione a cura del pastore Peter Ciaccio, esposta durante il culto di Pentecoste, domenica 4 giugno scorso sul testo di Giovanni 16, 5-15. Nel corso del culto sono stati ammessi [&hellip;]","og_url":"https:\/\/www.chiesavaldesepalermo.it\/pa\/predicazione-di-pentecoste-2017\/","og_site_name":"Chiesa Valdese Palermo","article_publisher":"https:\/\/www.facebook.com\/chiesavaldese.dipalermo\/","article_published_time":"2017-06-10T14:15:13+00:00","og_image":[{"width":220,"height":280,"url":"https:\/\/www.chiesavaldesepalermo.it\/pa\/wp-content\/uploads\/2017\/06\/220px-Croix_huguenote.svg.png","type":"image\/png"}],"author":"Peter Ciaccio","twitter_card":"summary_large_image","twitter_creator":"@ValdesePa","twitter_site":"@ValdesePa","twitter_misc":{"Scritto da":"Peter Ciaccio","Tempo di lettura stimato":"6 minuti"},"schema":{"@context":"https:\/\/schema.org","@graph":[{"@type":"Article","@id":"https:\/\/www.chiesavaldesepalermo.it\/pa\/predicazione-di-pentecoste-2017\/#article","isPartOf":{"@id":"https:\/\/www.chiesavaldesepalermo.it\/pa\/predicazione-di-pentecoste-2017\/"},"author":{"name":"Peter Ciaccio","@id":"https:\/\/www.chiesavaldesepalermo.it\/pa\/#\/schema\/person\/779bfd48e74274424d076bd839792e66"},"headline":"Predicazione di Pentecoste 2017","datePublished":"2017-06-10T14:15:13+00:00","mainEntityOfPage":{"@id":"https:\/\/www.chiesavaldesepalermo.it\/pa\/predicazione-di-pentecoste-2017\/"},"wordCount":1274,"commentCount":0,"publisher":{"@id":"https:\/\/www.chiesavaldesepalermo.it\/pa\/#organization"},"image":{"@id":"https:\/\/www.chiesavaldesepalermo.it\/pa\/predicazione-di-pentecoste-2017\/#primaryimage"},"thumbnailUrl":"https:\/\/www.chiesavaldesepalermo.it\/pa\/wp-content\/uploads\/2017\/06\/220px-Croix_huguenote.svg.png","articleSection":["Predicazioni"],"inLanguage":"it-IT","potentialAction":[{"@type":"CommentAction","name":"Comment","target":["https:\/\/www.chiesavaldesepalermo.it\/pa\/predicazione-di-pentecoste-2017\/#respond"]}]},{"@type":"WebPage","@id":"https:\/\/www.chiesavaldesepalermo.it\/pa\/predicazione-di-pentecoste-2017\/","url":"https:\/\/www.chiesavaldesepalermo.it\/pa\/predicazione-di-pentecoste-2017\/","name":"Predicazione di Pentecoste 2017 - Chiesa Valdese Palermo","isPartOf":{"@id":"https:\/\/www.chiesavaldesepalermo.it\/pa\/#website"},"primaryImageOfPage":{"@id":"https:\/\/www.chiesavaldesepalermo.it\/pa\/predicazione-di-pentecoste-2017\/#primaryimage"},"image":{"@id":"https:\/\/www.chiesavaldesepalermo.it\/pa\/predicazione-di-pentecoste-2017\/#primaryimage"},"thumbnailUrl":"https:\/\/www.chiesavaldesepalermo.it\/pa\/wp-content\/uploads\/2017\/06\/220px-Croix_huguenote.svg.png","datePublished":"2017-06-10T14:15:13+00:00","breadcrumb":{"@id":"https:\/\/www.chiesavaldesepalermo.it\/pa\/predicazione-di-pentecoste-2017\/#breadcrumb"},"inLanguage":"it-IT","potentialAction":[{"@type":"ReadAction","target":["https:\/\/www.chiesavaldesepalermo.it\/pa\/predicazione-di-pentecoste-2017\/"]}]},{"@type":"ImageObject","inLanguage":"it-IT","@id":"https:\/\/www.chiesavaldesepalermo.it\/pa\/predicazione-di-pentecoste-2017\/#primaryimage","url":"https:\/\/www.chiesavaldesepalermo.it\/pa\/wp-content\/uploads\/2017\/06\/220px-Croix_huguenote.svg.png","contentUrl":"https:\/\/www.chiesavaldesepalermo.it\/pa\/wp-content\/uploads\/2017\/06\/220px-Croix_huguenote.svg.png","width":220,"height":280},{"@type":"BreadcrumbList","@id":"https:\/\/www.chiesavaldesepalermo.it\/pa\/predicazione-di-pentecoste-2017\/#breadcrumb","itemListElement":[{"@type":"ListItem","position":1,"name":"Home","item":"https:\/\/www.chiesavaldesepalermo.it\/pa\/"},{"@type":"ListItem","position":2,"name":"Predicazione di Pentecoste 2017"}]},{"@type":"WebSite","@id":"https:\/\/www.chiesavaldesepalermo.it\/pa\/#website","url":"https:\/\/www.chiesavaldesepalermo.it\/pa\/","name":"Chiesa Valdese Palermo","description":"Portale online della chiesa valdese di Palermo","publisher":{"@id":"https:\/\/www.chiesavaldesepalermo.it\/pa\/#organization"},"potentialAction":[{"@type":"SearchAction","target":{"@type":"EntryPoint","urlTemplate":"https:\/\/www.chiesavaldesepalermo.it\/pa\/?s={search_term_string}"},"query-input":{"@type":"PropertyValueSpecification","valueRequired":true,"valueName":"search_term_string"}}],"inLanguage":"it-IT"},{"@type":"Organization","@id":"https:\/\/www.chiesavaldesepalermo.it\/pa\/#organization","name":"Chiesa Valdese di Palermo","url":"https:\/\/www.chiesavaldesepalermo.it\/pa\/","logo":{"@type":"ImageObject","inLanguage":"it-IT","@id":"https:\/\/www.chiesavaldesepalermo.it\/pa\/#\/schema\/logo\/image\/","url":"https:\/\/www.chiesavaldesepalermo.it\/pa\/wp-content\/uploads\/2021\/01\/chiesa-valdese-min-scaled.jpg","contentUrl":"https:\/\/www.chiesavaldesepalermo.it\/pa\/wp-content\/uploads\/2021\/01\/chiesa-valdese-min-scaled.jpg","width":2560,"height":1570,"caption":"Chiesa Valdese di Palermo"},"image":{"@id":"https:\/\/www.chiesavaldesepalermo.it\/pa\/#\/schema\/logo\/image\/"},"sameAs":["https:\/\/www.facebook.com\/chiesavaldese.dipalermo\/","https:\/\/x.com\/ValdesePa","https:\/\/it.pinterest.com\/chiesavaldesepalermo\/","https:\/\/it.wikipedia.org\/wiki\/Chiesa_evangelica_valdese#\/media\/File:Palermo-Chiesa-Valdese-bjs2007-01.jpg"]},{"@type":"Person","@id":"https:\/\/www.chiesavaldesepalermo.it\/pa\/#\/schema\/person\/779bfd48e74274424d076bd839792e66","name":"Peter Ciaccio","image":{"@type":"ImageObject","inLanguage":"it-IT","@id":"https:\/\/secure.gravatar.com\/avatar\/03620a5901222cea7c4f989168aa516457e976d18873c52de1efd8c5288e437e?s=96&d=mm&r=g","url":"https:\/\/secure.gravatar.com\/avatar\/03620a5901222cea7c4f989168aa516457e976d18873c52de1efd8c5288e437e?s=96&d=mm&r=g","contentUrl":"https:\/\/secure.gravatar.com\/avatar\/03620a5901222cea7c4f989168aa516457e976d18873c52de1efd8c5288e437e?s=96&d=mm&r=g","caption":"Peter Ciaccio"},"url":"https:\/\/www.chiesavaldesepalermo.it\/pa\/author\/pciaccio\/"}]}},"_links":{"self":[{"href":"https:\/\/www.chiesavaldesepalermo.it\/pa\/wp-json\/wp\/v2\/posts\/574","targetHints":{"allow":["GET"]}}],"collection":[{"href":"https:\/\/www.chiesavaldesepalermo.it\/pa\/wp-json\/wp\/v2\/posts"}],"about":[{"href":"https:\/\/www.chiesavaldesepalermo.it\/pa\/wp-json\/wp\/v2\/types\/post"}],"author":[{"embeddable":true,"href":"https:\/\/www.chiesavaldesepalermo.it\/pa\/wp-json\/wp\/v2\/users\/2"}],"replies":[{"embeddable":true,"href":"https:\/\/www.chiesavaldesepalermo.it\/pa\/wp-json\/wp\/v2\/comments?post=574"}],"version-history":[{"count":2,"href":"https:\/\/www.chiesavaldesepalermo.it\/pa\/wp-json\/wp\/v2\/posts\/574\/revisions"}],"predecessor-version":[{"id":577,"href":"https:\/\/www.chiesavaldesepalermo.it\/pa\/wp-json\/wp\/v2\/posts\/574\/revisions\/577"}],"wp:featuredmedia":[{"embeddable":true,"href":"https:\/\/www.chiesavaldesepalermo.it\/pa\/wp-json\/wp\/v2\/media\/575"}],"wp:attachment":[{"href":"https:\/\/www.chiesavaldesepalermo.it\/pa\/wp-json\/wp\/v2\/media?parent=574"}],"wp:term":[{"taxonomy":"category","embeddable":true,"href":"https:\/\/www.chiesavaldesepalermo.it\/pa\/wp-json\/wp\/v2\/categories?post=574"},{"taxonomy":"post_tag","embeddable":true,"href":"https:\/\/www.chiesavaldesepalermo.it\/pa\/wp-json\/wp\/v2\/tags?post=574"}],"curies":[{"name":"wp","href":"https:\/\/api.w.org\/{rel}","templated":true}]}}