{"id":644,"date":"2017-10-26T14:39:13","date_gmt":"2017-10-26T12:39:13","guid":{"rendered":"http:\/\/www.chiesavaldesepalermo.it\/pa\/?p=644"},"modified":"2017-10-26T14:39:13","modified_gmt":"2017-10-26T12:39:13","slug":"padre-onnipotente","status":"publish","type":"post","link":"https:\/\/www.chiesavaldesepalermo.it\/pa\/padre-onnipotente\/","title":{"rendered":"&#8230;Padre onnipotente&#8230;"},"content":{"rendered":"<p><em>Riportiamo qui il contenuto della lectio sul Credo Niceno-Costantinopolitano a cura del pastore Peter Ciaccio, terzo appuntamento. Attenzione: mercoled\u00ec prossimo 1\u00b0 novembre non si terr\u00e0 lo studio. Appuntamento mercoled\u00ec 8 novembre alle 20.30. Al termine \u00e8 prevista una discussione con i presenti.<\/em><\/p>\n<p><a href=\"http:\/\/www.chiesavaldesepalermo.it\/pa\/wp-content\/uploads\/2017\/10\/still-of-jim-carrey-and-editted.jpg\"><img loading=\"lazy\" decoding=\"async\" class=\"size-full wp-image-645 aligncenter\" src=\"http:\/\/www.chiesavaldesepalermo.it\/pa\/wp-content\/uploads\/2017\/10\/still-of-jim-carrey-and-editted.jpg\" alt=\"\" width=\"620\" height=\"413\" srcset=\"https:\/\/www.chiesavaldesepalermo.it\/pa\/wp-content\/uploads\/2017\/10\/still-of-jim-carrey-and-editted.jpg 620w, https:\/\/www.chiesavaldesepalermo.it\/pa\/wp-content\/uploads\/2017\/10\/still-of-jim-carrey-and-editted-300x200.jpg 300w\" sizes=\"auto, (max-width: 620px) 100vw, 620px\" \/><\/a><\/p>\n<p><i>Padre<\/i><\/p>\n<p>Per un cristiano \u00e8 normale rivolgersi a Dio dicendo \u201cPadre\u201d. Anzi, con l\u2019evoluzione dei rapporti familiari, \u201cpadre\u201d come vocativo \u00e8 riservato solo alle rappresentazioni di antichi testi teatrali e, appunto, al contesto liturgico-spirituale. Usiamo \u201cpadre\u201d come termine descrittivo, ma sempre pi\u00f9 raramente come appellativo. \u201cPap\u00e0\u201d ha preso il posto di \u201cpadre\u201d, con le discutibili varianti \u201cpapi\u201d, \u201cpapino\u201d, \u201cpaparino\u201d e potremmo continuare.<\/p>\n<p>L\u2019origine dell\u2019uso di \u201cPadre\u201d per rivolgersi al Dio cristiano \u00e8 da attribuirsi a Ges\u00f9 e a quanto riportato nei Vangeli, sia al fatto che Ges\u00f9 si rivolga al \u201cPadre mio\u201d sia al fatto che ci inviti a rivolgersi al \u201cPadre nostro\u201d. Eppure questo non era un uso comune nell\u2019ebraismo, che preferiva non rivolgersi a Dio come Padre, come facevano invece altre religioni del Vicino e Medio Oriente. Il rischio era di inserirsi in una classica Teogonia, dove gli esseri umani sono figli quasi \u201cnaturali\u201d degli dei. L\u2019antico Israele voleva invece che del rapporto con Dio venisse evidenziata non la figliolanza, ma l\u2019elezione.<\/p>\n<p>In sintesi, non sei figlio di Dio perch\u00e9 Dio \u00e8 tuo Padre, ma Dio \u00e8 tuo Padre perch\u00e9 ti ha scelto come suo figlio.<\/p>\n<p>La scelta di Ges\u00f9, chiara e decisa, di usare l\u2019appellativo \u201cPadre\u201d non \u00e8 una deroga al pensiero ebraico n\u00e9 un passo verso le altre fedi: Ges\u00f9 usa il termine ebraico \u201cAbb\u00e0\u201d, che non significa propriamente \u201cPadre\u201d, ma \u201cPap\u00e0\u201d. Dunque, \u201cPadre\u201d non \u00e8 sinonimo di \u201cCreatore\u201d \u2014 pur trattandosi della stessa Persona della Trinit\u00e0 \u2014 e non \u00e8 neanche un titolo di rispetto dovuto: \u00e8 un appellativo che afferma un inedito tipo di relazione, dove l\u2019affetto, l\u2019amore, la cura prendono il sopravvento sul dovere, sulla gerarchia, sul potere.<\/p>\n<p>Questa riflessione ci dice, a latere, quanto sia radicata nella sfera umana una concezione sacrale e gerarchica del potere, al punto da ritenere scandaloso rivolgersi a Dio come \u201cPap\u00e0\u201d. Ora, io sono il primo che non riuscirebbe mai a rivolgersi a Dio come \u201cPap\u00e0\u201d, anche perch\u00e9 nella mia vita solo una persona pu\u00f2 essere chiamata cos\u00ec. Tuttavia, \u00e8 importante prendere coscienza che chiamare Dio \u201cPadre\u201d e non \u201cPap\u00e0\u201d \u2014 come avrebbe voluto Ges\u00f9 \u2014 sorge dall\u2019idea che Ges\u00f9 non avrebbe dovuto osare l\u2019\u201cAbb\u00e0\u201d, quasi volesse scardinare le dinamiche di potere nel nostro mondo a partire dal rapporto tra il credente e Dio.<\/p>\n<p>Oggi possiamo dire che era proprio cos\u00ec. E pensare che sull\u2019immagine di \u201cDio Padre\u201d \u00e8 stata costruita un\u2019idea terribile, temibile, oppressiva di Dio. Quanti dicono ancora oggi che guardano a Ges\u00f9, al suo dolce sguardo, perch\u00e9 non possono guardare al Padre, alla sua severit\u00e0 e al suo giudizio inflessibile!<\/p>\n<p>Ripeto, non credo sia percorribile la via dell\u2019evitare di chiamare Dio \u201cPadre\u201d, ma spero che il senso di questo appellativo ci riconcili a un\u2019immagine pi\u00f9 amorevolmente paterna. Anche perch\u00e9 c\u2019\u00e8 una conseguenza molto interessante del considerare Dio un Padre che si potrebbe chiamare \u201cPap\u00e0\u201d. In una relazione familiare sana, infatti, io non ho bisogno che altri dicano a mio padre quel che voglio dirgli io. La relazione \u00e8 diretta. Certo, passa per l\u2019elezione, passa per l\u2019adozione, passa per Ges\u00f9, ma non passa per la Madonna o i santi, non passa per i preti o i pastori, non passa per i teologi o i santoni. Dio \u00e8 \u201cPadre\u201d, dunque per me c\u2019\u00e8.<\/p>\n<p>C\u2019\u00e8 un altro aspetto da esplorare prima di andare avanti: l\u2019appellativo \u201cMadre\u201d, che ormai molti inseriscono accanto a \u201cPadre\u201d, soprattutto in seguito alla ricerca teologica femminista. Su questo vorrei condividere due punti.<\/p>\n<p>Il primo \u00e8 che Dio non viene chiamato \u201cMadre\u201d nella Bibbia n\u00e9 da Ges\u00f9 n\u00e9 da altri. Si parla di \u201cPastore\u201d, di \u201cRe\u201d, ma non di \u201cMadre\u201d. Pertanto,\u00a0 senza una riflessione appropriata, parlare di \u201cDio Padre e Madre\u201d rischia di essere solo l\u2019applicazione in campo teologico del \u2014 sacrosanto \u2014 principio del linguaggio inclusivo. Dio non pu\u00f2 non essere inclusivo e l\u2019immagine di Dio riflessa non solo nell\u2019uomo, ma anche nella donna, deve essere evidenziato. Ma non basta questo, non basta la necessit\u00e0 \u2014 giusta \u2014 di non escludere nessuno in questa immagine. La maternit\u00e0 di Dio \u00e8 qualcosa di pi\u00f9 profondo di questo.<\/p>\n<p>E vado al secondo punto. Da una parte non c\u2019\u00e8 dubbio che Dio abbia anche caratteristiche che noi umani attribuiamo alla sfera del femminile. Questa non \u00e8 una scoperta recente, ma una verit\u00e0 che il potere maschile ha cercato di nascondere per secoli. Il Concilio di Toledo del 675 dichiar\u00f2 che \u00abil Figlio \u00e8 generato\u2026 dall\u2019utero del Padre\u00bb, per fare un esempio. D\u2019altra parte il senso di riscoprire la maternit\u00e0 di Dio non \u00e8 semplice inclusione di genere, ma \u00e8 la sfida all\u2019ideologia del patriarcato, del potere gerarchico, del dualismo che distingue tra le cose da mettere in due caselle distinte. Nella casella dei buoni inserisce l\u2019uomo, l\u2019anima, l\u2019intelletto, la luce, il bianco; nella casella dei cattivi inserisce invece la donna, il corpo, il sesso, il buio, il nero. E cos\u00ec via.<\/p>\n<p>La ricerca teologica femminista ci ha liberato dalla percezione di Dio\u00a0 esclusivamente maschile, una percezione che ha reso necessaria in parte del cristianesimo l\u2019elevazione di Maria quasi a divinit\u00e0, una \u201cNostra Signora\u201d da affiancare a un \u201cNostro Signore\u201d, una \u201cMadonna\u201d da affiancare a un \u201cMessere\u201d.<\/p>\n<p>Dio Padre, l\u2019Abb\u00e0, \u00e8 molto pi\u00f9 di un padre supremo e fortissimo.<\/p>\n<p><i>\u2026Onnipotente<\/i><\/p>\n<p>Da questa idea di \u201cPadre\u201d possiamo legare il discorso dell\u2019onnipotenza di Dio. L\u2019onnipotenza \u00e8 un attributo facile da confutare con la logica, in particolare attraverso i paradossi. Ad esempio, se puoi tutto, puoi anche non potere? Ma allora non sei onnipotente.<\/p>\n<p>L\u2019onnipotenza di Dio va compresa in maniera diversa. Il significato letterale \u201cColui che pu\u00f2 tutto\u201d \u00e8 fuorviante. Dio \u00e8 onnipotente perch\u00e9 pu\u00f2 fare quel che l\u2019essere umano non pu\u00f2 fare. Dio pu\u00f2 creare dal nulla, l\u2019essere umano no. Dio pu\u00f2 essere, allo stesso tempo, giudice giusto e padre amorevole, l\u2019essere umano no. Dio pu\u00f2 rendere reversibile l\u2019irreversibile, l\u2019essere umano no. Dio pu\u00f2 dire l\u2019ultima parola, l\u2019essere umano no. Dio pu\u00f2 sconfiggere definitivamente la morte, l\u2019essere umano no.<\/p>\n<p>In sintesi, l\u2019onnipotenza di Dio significa: Dio s\u00ec, l\u2019essere umano no. E se colleghiamo questo a quanto detto su \u201cPadre\u201d, comprendiamo che il s\u00ec di Dio non \u00e8 per s\u00e9 o non \u00e8 solo per s\u00e9: \u00e8 un s\u00ec per l\u2019essere umano. Dio crea dal nulla per dare la vita a noi. Dio cancella il nostro peccato. Dio sconfigge la nostra morte.<\/p>\n<p>Confessare l\u2019onnipotenza di Dio \u00e8 anzitutto un atto di umilt\u00e0 dell\u2019essere umano. E lo \u00e8 anche ogni volta che fondiamo un \u201cpotere\u201d tra noi. Le nostre gerarchie non sono lo specchio del potere divino, infatti, ma sono espressione della dimensione umana, immersa nel peccato. Il potere umano si manifesta spesso sull\u2019essere serviti, mentre l\u2019onnipotenza di Dio si manifesta nel servizio, nella relazione, nella cura e nell\u2019amore. Prova di questo \u00e8 che il perdono dell\u2019essere umano \u00e8 spesso vissuto come un segno di debolezza, mentre il perdono di Dio \u00e8 espressione della sua potenza.<\/p>\n<p>Un altro ambito in cui l\u2019onnipotenza di Dio si manifesta \u00e8 nella capacit\u00e0 di sostenere le donne e gli uomini nelle loro ore pi\u00f9 buie. Quando, infatti, un nostro amico, un conoscente, un fratello o una sorella di chiesa \u00e8 sofferente, noi non abbiamo la facolt\u00e0 innata di stare vicino ad essi fino in fondo. Il dolore altrui ci disturba, perch\u00e9 ci ricorda il nostro dolore. Cos\u00ec diciamo ai nostri amici: \u201cMa non ci pensare\u2026 ma lascia stare\u2026 pensa alle cose belle\u201d. E chi sta male, resta anche solo e abbandonato dalle persone che \u2014 veramente \u2014 gli vogliono bene.<\/p>\n<p>Quante volte mi viene detto da chi sta male: \u00abPastore, ma Dio mi odia?\u00bb \u00abPerch\u00e9 sto male?\u00bb \u00abCosa ho fatto di male?\u00bb \u00abPerch\u00e9 Dio mi punisce?\u00bb \u00abPerch\u00e9 chi \u00e8 peggio di me sta meglio di me, che non ho mai fatto male a nessuno?\u00bb Domande terribili, imbarazzanti, scomode, ma domande vere. Chi le pone, le ha veramente dentro di s\u00e9 e non riusciremo a liberarlo fuggendo, chiedendo di cambiare discorso o cambiandolo direttamente noi.<\/p>\n<p>\u00abO Signore, perch\u00e9 te ne stai lontano? Perch\u00e9 ti nascondi in tempo d\u2019angoscia?\u00bb, cos\u00ec inizia il Salmo 10 e tanti sono gli esempi di preghiera analoga. S\u00ec, preghiera. Eppure nessuno ci insegna a pregare Dio in questa maniera. Dio si loda, si ringrazia, si chiede a Dio, ma lamentarsi di Dio con Dio?<\/p>\n<p>La Bibbia, che \u00e8 il fondamento della nostra fede e, dunque, anche del Simbolo niceno-costantinopolitano, ci rivela questa importante verit\u00e0: Dio pu\u00f2 reggere ci\u00f2 che noi non possiamo, Dio ha orecchie sufficientemente forti da poterci ascoltare anche quando ci rivolgiamo a Lui in maniera scandalosa. L\u2019onnipotenza di Dio si manifesta anche cos\u00ec e, come le altre manifestazioni della sua onnipotenza, anche questa \u00e8 per noi. L\u2019ascolto del nostro dolore da parte di Dio \u00e8 gi\u00e0 un atto terapeutico, di guarigione.<\/p>\n<p>Dio pu\u00f2 e pu\u00f2 per noi.<\/p>\n","protected":false},"excerpt":{"rendered":"<p>Riportiamo qui il contenuto della lectio sul Credo Niceno-Costantinopolitano a cura del pastore Peter Ciaccio, terzo appuntamento. Attenzione: mercoled\u00ec prossimo 1\u00b0 novembre non si terr\u00e0 lo studio. Appuntamento mercoled\u00ec 8 [&hellip;]<\/p>\n","protected":false},"author":2,"featured_media":645,"comment_status":"open","ping_status":"closed","sticky":false,"template":"","format":"standard","meta":{"_EventAllDay":false,"_EventTimezone":"","_EventStartDate":"","_EventEndDate":"","_EventStartDateUTC":"","_EventEndDateUTC":"","_EventShowMap":false,"_EventShowMapLink":false,"_EventURL":"","_EventCost":"","_EventCostDescription":"","_EventCurrencySymbol":"","_EventCurrencyCode":"","_EventCurrencyPosition":"","_EventDateTimeSeparator":"","_EventTimeRangeSeparator":"","_EventOrganizerID":[],"_EventVenueID":[],"_OrganizerEmail":"","_OrganizerPhone":"","_OrganizerWebsite":"","_VenueAddress":"","_VenueCity":"","_VenueCountry":"","_VenueProvince":"","_VenueState":"","_VenueZip":"","_VenuePhone":"","_VenueURL":"","_VenueStateProvince":"","_VenueLat":"","_VenueLng":"","_VenueShowMap":false,"_VenueShowMapLink":false,"footnotes":""},"categories":[50],"tags":[],"class_list":{"0":"post-644","1":"post","2":"type-post","3":"status-publish","4":"format-standard","5":"has-post-thumbnail","7":"category-credo","8":"czr-hentry"},"yoast_head":"<!-- This site is optimized with the Yoast SEO plugin v27.4 - https:\/\/yoast.com\/product\/yoast-seo-wordpress\/ -->\n<title>...Padre onnipotente... - Chiesa Valdese Palermo<\/title>\n<meta name=\"robots\" content=\"index, follow, max-snippet:-1, max-image-preview:large, max-video-preview:-1\" \/>\n<link rel=\"canonical\" href=\"https:\/\/www.chiesavaldesepalermo.it\/pa\/padre-onnipotente\/\" \/>\n<meta property=\"og:locale\" content=\"it_IT\" \/>\n<meta property=\"og:type\" content=\"article\" \/>\n<meta property=\"og:title\" content=\"...Padre onnipotente... - Chiesa Valdese Palermo\" \/>\n<meta property=\"og:description\" content=\"Riportiamo qui il contenuto della lectio sul Credo Niceno-Costantinopolitano a cura del pastore Peter Ciaccio, terzo appuntamento. Attenzione: mercoled\u00ec prossimo 1\u00b0 novembre non si terr\u00e0 lo studio. Appuntamento mercoled\u00ec 8 [&hellip;]\" \/>\n<meta property=\"og:url\" content=\"https:\/\/www.chiesavaldesepalermo.it\/pa\/padre-onnipotente\/\" \/>\n<meta property=\"og:site_name\" content=\"Chiesa Valdese Palermo\" \/>\n<meta property=\"article:publisher\" content=\"https:\/\/www.facebook.com\/chiesavaldese.dipalermo\/\" \/>\n<meta property=\"article:published_time\" content=\"2017-10-26T12:39:13+00:00\" \/>\n<meta property=\"og:image\" content=\"https:\/\/www.chiesavaldesepalermo.it\/pa\/wp-content\/uploads\/2017\/10\/still-of-jim-carrey-and-editted.jpg\" \/>\n\t<meta property=\"og:image:width\" content=\"620\" \/>\n\t<meta property=\"og:image:height\" content=\"413\" \/>\n\t<meta property=\"og:image:type\" content=\"image\/jpeg\" \/>\n<meta name=\"author\" content=\"Peter Ciaccio\" \/>\n<meta name=\"twitter:card\" content=\"summary_large_image\" \/>\n<meta name=\"twitter:creator\" content=\"@ValdesePa\" \/>\n<meta name=\"twitter:site\" content=\"@ValdesePa\" \/>\n<meta name=\"twitter:label1\" content=\"Scritto da\" \/>\n\t<meta name=\"twitter:data1\" content=\"Peter Ciaccio\" \/>\n\t<meta name=\"twitter:label2\" content=\"Tempo di lettura stimato\" \/>\n\t<meta name=\"twitter:data2\" content=\"7 minuti\" \/>\n<script type=\"application\/ld+json\" class=\"yoast-schema-graph\">{\"@context\":\"https:\\\/\\\/schema.org\",\"@graph\":[{\"@type\":\"Article\",\"@id\":\"https:\\\/\\\/www.chiesavaldesepalermo.it\\\/pa\\\/padre-onnipotente\\\/#article\",\"isPartOf\":{\"@id\":\"https:\\\/\\\/www.chiesavaldesepalermo.it\\\/pa\\\/padre-onnipotente\\\/\"},\"author\":{\"name\":\"Peter Ciaccio\",\"@id\":\"https:\\\/\\\/www.chiesavaldesepalermo.it\\\/pa\\\/#\\\/schema\\\/person\\\/779bfd48e74274424d076bd839792e66\"},\"headline\":\"&#8230;Padre onnipotente&#8230;\",\"datePublished\":\"2017-10-26T12:39:13+00:00\",\"mainEntityOfPage\":{\"@id\":\"https:\\\/\\\/www.chiesavaldesepalermo.it\\\/pa\\\/padre-onnipotente\\\/\"},\"wordCount\":1493,\"commentCount\":0,\"publisher\":{\"@id\":\"https:\\\/\\\/www.chiesavaldesepalermo.it\\\/pa\\\/#organization\"},\"image\":{\"@id\":\"https:\\\/\\\/www.chiesavaldesepalermo.it\\\/pa\\\/padre-onnipotente\\\/#primaryimage\"},\"thumbnailUrl\":\"https:\\\/\\\/www.chiesavaldesepalermo.it\\\/pa\\\/wp-content\\\/uploads\\\/2017\\\/10\\\/still-of-jim-carrey-and-editted.jpg\",\"articleSection\":[\"Credo\"],\"inLanguage\":\"it-IT\",\"potentialAction\":[{\"@type\":\"CommentAction\",\"name\":\"Comment\",\"target\":[\"https:\\\/\\\/www.chiesavaldesepalermo.it\\\/pa\\\/padre-onnipotente\\\/#respond\"]}]},{\"@type\":\"WebPage\",\"@id\":\"https:\\\/\\\/www.chiesavaldesepalermo.it\\\/pa\\\/padre-onnipotente\\\/\",\"url\":\"https:\\\/\\\/www.chiesavaldesepalermo.it\\\/pa\\\/padre-onnipotente\\\/\",\"name\":\"...Padre onnipotente... - Chiesa Valdese Palermo\",\"isPartOf\":{\"@id\":\"https:\\\/\\\/www.chiesavaldesepalermo.it\\\/pa\\\/#website\"},\"primaryImageOfPage\":{\"@id\":\"https:\\\/\\\/www.chiesavaldesepalermo.it\\\/pa\\\/padre-onnipotente\\\/#primaryimage\"},\"image\":{\"@id\":\"https:\\\/\\\/www.chiesavaldesepalermo.it\\\/pa\\\/padre-onnipotente\\\/#primaryimage\"},\"thumbnailUrl\":\"https:\\\/\\\/www.chiesavaldesepalermo.it\\\/pa\\\/wp-content\\\/uploads\\\/2017\\\/10\\\/still-of-jim-carrey-and-editted.jpg\",\"datePublished\":\"2017-10-26T12:39:13+00:00\",\"breadcrumb\":{\"@id\":\"https:\\\/\\\/www.chiesavaldesepalermo.it\\\/pa\\\/padre-onnipotente\\\/#breadcrumb\"},\"inLanguage\":\"it-IT\",\"potentialAction\":[{\"@type\":\"ReadAction\",\"target\":[\"https:\\\/\\\/www.chiesavaldesepalermo.it\\\/pa\\\/padre-onnipotente\\\/\"]}]},{\"@type\":\"ImageObject\",\"inLanguage\":\"it-IT\",\"@id\":\"https:\\\/\\\/www.chiesavaldesepalermo.it\\\/pa\\\/padre-onnipotente\\\/#primaryimage\",\"url\":\"https:\\\/\\\/www.chiesavaldesepalermo.it\\\/pa\\\/wp-content\\\/uploads\\\/2017\\\/10\\\/still-of-jim-carrey-and-editted.jpg\",\"contentUrl\":\"https:\\\/\\\/www.chiesavaldesepalermo.it\\\/pa\\\/wp-content\\\/uploads\\\/2017\\\/10\\\/still-of-jim-carrey-and-editted.jpg\",\"width\":620,\"height\":413},{\"@type\":\"BreadcrumbList\",\"@id\":\"https:\\\/\\\/www.chiesavaldesepalermo.it\\\/pa\\\/padre-onnipotente\\\/#breadcrumb\",\"itemListElement\":[{\"@type\":\"ListItem\",\"position\":1,\"name\":\"Home\",\"item\":\"https:\\\/\\\/www.chiesavaldesepalermo.it\\\/pa\\\/\"},{\"@type\":\"ListItem\",\"position\":2,\"name\":\"&#8230;Padre onnipotente&#8230;\"}]},{\"@type\":\"WebSite\",\"@id\":\"https:\\\/\\\/www.chiesavaldesepalermo.it\\\/pa\\\/#website\",\"url\":\"https:\\\/\\\/www.chiesavaldesepalermo.it\\\/pa\\\/\",\"name\":\"Chiesa Valdese Palermo\",\"description\":\"Portale online della chiesa valdese di Palermo\",\"publisher\":{\"@id\":\"https:\\\/\\\/www.chiesavaldesepalermo.it\\\/pa\\\/#organization\"},\"potentialAction\":[{\"@type\":\"SearchAction\",\"target\":{\"@type\":\"EntryPoint\",\"urlTemplate\":\"https:\\\/\\\/www.chiesavaldesepalermo.it\\\/pa\\\/?s={search_term_string}\"},\"query-input\":{\"@type\":\"PropertyValueSpecification\",\"valueRequired\":true,\"valueName\":\"search_term_string\"}}],\"inLanguage\":\"it-IT\"},{\"@type\":\"Organization\",\"@id\":\"https:\\\/\\\/www.chiesavaldesepalermo.it\\\/pa\\\/#organization\",\"name\":\"Chiesa Valdese di Palermo\",\"url\":\"https:\\\/\\\/www.chiesavaldesepalermo.it\\\/pa\\\/\",\"logo\":{\"@type\":\"ImageObject\",\"inLanguage\":\"it-IT\",\"@id\":\"https:\\\/\\\/www.chiesavaldesepalermo.it\\\/pa\\\/#\\\/schema\\\/logo\\\/image\\\/\",\"url\":\"https:\\\/\\\/www.chiesavaldesepalermo.it\\\/pa\\\/wp-content\\\/uploads\\\/2021\\\/01\\\/chiesa-valdese-min-scaled.jpg\",\"contentUrl\":\"https:\\\/\\\/www.chiesavaldesepalermo.it\\\/pa\\\/wp-content\\\/uploads\\\/2021\\\/01\\\/chiesa-valdese-min-scaled.jpg\",\"width\":2560,\"height\":1570,\"caption\":\"Chiesa Valdese di Palermo\"},\"image\":{\"@id\":\"https:\\\/\\\/www.chiesavaldesepalermo.it\\\/pa\\\/#\\\/schema\\\/logo\\\/image\\\/\"},\"sameAs\":[\"https:\\\/\\\/www.facebook.com\\\/chiesavaldese.dipalermo\\\/\",\"https:\\\/\\\/x.com\\\/ValdesePa\",\"https:\\\/\\\/it.pinterest.com\\\/chiesavaldesepalermo\\\/\",\"https:\\\/\\\/it.wikipedia.org\\\/wiki\\\/Chiesa_evangelica_valdese#\\\/media\\\/File:Palermo-Chiesa-Valdese-bjs2007-01.jpg\"]},{\"@type\":\"Person\",\"@id\":\"https:\\\/\\\/www.chiesavaldesepalermo.it\\\/pa\\\/#\\\/schema\\\/person\\\/779bfd48e74274424d076bd839792e66\",\"name\":\"Peter Ciaccio\",\"image\":{\"@type\":\"ImageObject\",\"inLanguage\":\"it-IT\",\"@id\":\"https:\\\/\\\/secure.gravatar.com\\\/avatar\\\/03620a5901222cea7c4f989168aa516457e976d18873c52de1efd8c5288e437e?s=96&d=mm&r=g\",\"url\":\"https:\\\/\\\/secure.gravatar.com\\\/avatar\\\/03620a5901222cea7c4f989168aa516457e976d18873c52de1efd8c5288e437e?s=96&d=mm&r=g\",\"contentUrl\":\"https:\\\/\\\/secure.gravatar.com\\\/avatar\\\/03620a5901222cea7c4f989168aa516457e976d18873c52de1efd8c5288e437e?s=96&d=mm&r=g\",\"caption\":\"Peter Ciaccio\"},\"url\":\"https:\\\/\\\/www.chiesavaldesepalermo.it\\\/pa\\\/author\\\/pciaccio\\\/\"}]}<\/script>\n<!-- \/ Yoast SEO plugin. -->","yoast_head_json":{"title":"...Padre onnipotente... - Chiesa Valdese Palermo","robots":{"index":"index","follow":"follow","max-snippet":"max-snippet:-1","max-image-preview":"max-image-preview:large","max-video-preview":"max-video-preview:-1"},"canonical":"https:\/\/www.chiesavaldesepalermo.it\/pa\/padre-onnipotente\/","og_locale":"it_IT","og_type":"article","og_title":"...Padre onnipotente... - Chiesa Valdese Palermo","og_description":"Riportiamo qui il contenuto della lectio sul Credo Niceno-Costantinopolitano a cura del pastore Peter Ciaccio, terzo appuntamento. Attenzione: mercoled\u00ec prossimo 1\u00b0 novembre non si terr\u00e0 lo studio. Appuntamento mercoled\u00ec 8 [&hellip;]","og_url":"https:\/\/www.chiesavaldesepalermo.it\/pa\/padre-onnipotente\/","og_site_name":"Chiesa Valdese Palermo","article_publisher":"https:\/\/www.facebook.com\/chiesavaldese.dipalermo\/","article_published_time":"2017-10-26T12:39:13+00:00","og_image":[{"width":620,"height":413,"url":"https:\/\/www.chiesavaldesepalermo.it\/pa\/wp-content\/uploads\/2017\/10\/still-of-jim-carrey-and-editted.jpg","type":"image\/jpeg"}],"author":"Peter Ciaccio","twitter_card":"summary_large_image","twitter_creator":"@ValdesePa","twitter_site":"@ValdesePa","twitter_misc":{"Scritto da":"Peter Ciaccio","Tempo di lettura stimato":"7 minuti"},"schema":{"@context":"https:\/\/schema.org","@graph":[{"@type":"Article","@id":"https:\/\/www.chiesavaldesepalermo.it\/pa\/padre-onnipotente\/#article","isPartOf":{"@id":"https:\/\/www.chiesavaldesepalermo.it\/pa\/padre-onnipotente\/"},"author":{"name":"Peter Ciaccio","@id":"https:\/\/www.chiesavaldesepalermo.it\/pa\/#\/schema\/person\/779bfd48e74274424d076bd839792e66"},"headline":"&#8230;Padre onnipotente&#8230;","datePublished":"2017-10-26T12:39:13+00:00","mainEntityOfPage":{"@id":"https:\/\/www.chiesavaldesepalermo.it\/pa\/padre-onnipotente\/"},"wordCount":1493,"commentCount":0,"publisher":{"@id":"https:\/\/www.chiesavaldesepalermo.it\/pa\/#organization"},"image":{"@id":"https:\/\/www.chiesavaldesepalermo.it\/pa\/padre-onnipotente\/#primaryimage"},"thumbnailUrl":"https:\/\/www.chiesavaldesepalermo.it\/pa\/wp-content\/uploads\/2017\/10\/still-of-jim-carrey-and-editted.jpg","articleSection":["Credo"],"inLanguage":"it-IT","potentialAction":[{"@type":"CommentAction","name":"Comment","target":["https:\/\/www.chiesavaldesepalermo.it\/pa\/padre-onnipotente\/#respond"]}]},{"@type":"WebPage","@id":"https:\/\/www.chiesavaldesepalermo.it\/pa\/padre-onnipotente\/","url":"https:\/\/www.chiesavaldesepalermo.it\/pa\/padre-onnipotente\/","name":"...Padre onnipotente... - Chiesa Valdese Palermo","isPartOf":{"@id":"https:\/\/www.chiesavaldesepalermo.it\/pa\/#website"},"primaryImageOfPage":{"@id":"https:\/\/www.chiesavaldesepalermo.it\/pa\/padre-onnipotente\/#primaryimage"},"image":{"@id":"https:\/\/www.chiesavaldesepalermo.it\/pa\/padre-onnipotente\/#primaryimage"},"thumbnailUrl":"https:\/\/www.chiesavaldesepalermo.it\/pa\/wp-content\/uploads\/2017\/10\/still-of-jim-carrey-and-editted.jpg","datePublished":"2017-10-26T12:39:13+00:00","breadcrumb":{"@id":"https:\/\/www.chiesavaldesepalermo.it\/pa\/padre-onnipotente\/#breadcrumb"},"inLanguage":"it-IT","potentialAction":[{"@type":"ReadAction","target":["https:\/\/www.chiesavaldesepalermo.it\/pa\/padre-onnipotente\/"]}]},{"@type":"ImageObject","inLanguage":"it-IT","@id":"https:\/\/www.chiesavaldesepalermo.it\/pa\/padre-onnipotente\/#primaryimage","url":"https:\/\/www.chiesavaldesepalermo.it\/pa\/wp-content\/uploads\/2017\/10\/still-of-jim-carrey-and-editted.jpg","contentUrl":"https:\/\/www.chiesavaldesepalermo.it\/pa\/wp-content\/uploads\/2017\/10\/still-of-jim-carrey-and-editted.jpg","width":620,"height":413},{"@type":"BreadcrumbList","@id":"https:\/\/www.chiesavaldesepalermo.it\/pa\/padre-onnipotente\/#breadcrumb","itemListElement":[{"@type":"ListItem","position":1,"name":"Home","item":"https:\/\/www.chiesavaldesepalermo.it\/pa\/"},{"@type":"ListItem","position":2,"name":"&#8230;Padre onnipotente&#8230;"}]},{"@type":"WebSite","@id":"https:\/\/www.chiesavaldesepalermo.it\/pa\/#website","url":"https:\/\/www.chiesavaldesepalermo.it\/pa\/","name":"Chiesa Valdese Palermo","description":"Portale online della chiesa valdese di Palermo","publisher":{"@id":"https:\/\/www.chiesavaldesepalermo.it\/pa\/#organization"},"potentialAction":[{"@type":"SearchAction","target":{"@type":"EntryPoint","urlTemplate":"https:\/\/www.chiesavaldesepalermo.it\/pa\/?s={search_term_string}"},"query-input":{"@type":"PropertyValueSpecification","valueRequired":true,"valueName":"search_term_string"}}],"inLanguage":"it-IT"},{"@type":"Organization","@id":"https:\/\/www.chiesavaldesepalermo.it\/pa\/#organization","name":"Chiesa Valdese di Palermo","url":"https:\/\/www.chiesavaldesepalermo.it\/pa\/","logo":{"@type":"ImageObject","inLanguage":"it-IT","@id":"https:\/\/www.chiesavaldesepalermo.it\/pa\/#\/schema\/logo\/image\/","url":"https:\/\/www.chiesavaldesepalermo.it\/pa\/wp-content\/uploads\/2021\/01\/chiesa-valdese-min-scaled.jpg","contentUrl":"https:\/\/www.chiesavaldesepalermo.it\/pa\/wp-content\/uploads\/2021\/01\/chiesa-valdese-min-scaled.jpg","width":2560,"height":1570,"caption":"Chiesa Valdese di Palermo"},"image":{"@id":"https:\/\/www.chiesavaldesepalermo.it\/pa\/#\/schema\/logo\/image\/"},"sameAs":["https:\/\/www.facebook.com\/chiesavaldese.dipalermo\/","https:\/\/x.com\/ValdesePa","https:\/\/it.pinterest.com\/chiesavaldesepalermo\/","https:\/\/it.wikipedia.org\/wiki\/Chiesa_evangelica_valdese#\/media\/File:Palermo-Chiesa-Valdese-bjs2007-01.jpg"]},{"@type":"Person","@id":"https:\/\/www.chiesavaldesepalermo.it\/pa\/#\/schema\/person\/779bfd48e74274424d076bd839792e66","name":"Peter Ciaccio","image":{"@type":"ImageObject","inLanguage":"it-IT","@id":"https:\/\/secure.gravatar.com\/avatar\/03620a5901222cea7c4f989168aa516457e976d18873c52de1efd8c5288e437e?s=96&d=mm&r=g","url":"https:\/\/secure.gravatar.com\/avatar\/03620a5901222cea7c4f989168aa516457e976d18873c52de1efd8c5288e437e?s=96&d=mm&r=g","contentUrl":"https:\/\/secure.gravatar.com\/avatar\/03620a5901222cea7c4f989168aa516457e976d18873c52de1efd8c5288e437e?s=96&d=mm&r=g","caption":"Peter Ciaccio"},"url":"https:\/\/www.chiesavaldesepalermo.it\/pa\/author\/pciaccio\/"}]}},"_links":{"self":[{"href":"https:\/\/www.chiesavaldesepalermo.it\/pa\/wp-json\/wp\/v2\/posts\/644","targetHints":{"allow":["GET"]}}],"collection":[{"href":"https:\/\/www.chiesavaldesepalermo.it\/pa\/wp-json\/wp\/v2\/posts"}],"about":[{"href":"https:\/\/www.chiesavaldesepalermo.it\/pa\/wp-json\/wp\/v2\/types\/post"}],"author":[{"embeddable":true,"href":"https:\/\/www.chiesavaldesepalermo.it\/pa\/wp-json\/wp\/v2\/users\/2"}],"replies":[{"embeddable":true,"href":"https:\/\/www.chiesavaldesepalermo.it\/pa\/wp-json\/wp\/v2\/comments?post=644"}],"version-history":[{"count":1,"href":"https:\/\/www.chiesavaldesepalermo.it\/pa\/wp-json\/wp\/v2\/posts\/644\/revisions"}],"predecessor-version":[{"id":646,"href":"https:\/\/www.chiesavaldesepalermo.it\/pa\/wp-json\/wp\/v2\/posts\/644\/revisions\/646"}],"wp:featuredmedia":[{"embeddable":true,"href":"https:\/\/www.chiesavaldesepalermo.it\/pa\/wp-json\/wp\/v2\/media\/645"}],"wp:attachment":[{"href":"https:\/\/www.chiesavaldesepalermo.it\/pa\/wp-json\/wp\/v2\/media?parent=644"}],"wp:term":[{"taxonomy":"category","embeddable":true,"href":"https:\/\/www.chiesavaldesepalermo.it\/pa\/wp-json\/wp\/v2\/categories?post=644"},{"taxonomy":"post_tag","embeddable":true,"href":"https:\/\/www.chiesavaldesepalermo.it\/pa\/wp-json\/wp\/v2\/tags?post=644"}],"curies":[{"name":"wp","href":"https:\/\/api.w.org\/{rel}","templated":true}]}}