{"id":704,"date":"2018-05-23T11:16:20","date_gmt":"2018-05-23T09:16:20","guid":{"rendered":"http:\/\/www.chiesavaldesepalermo.it\/pa\/?p=704"},"modified":"2018-05-23T11:19:11","modified_gmt":"2018-05-23T09:19:11","slug":"credere-e-resistere-a-palermo","status":"publish","type":"post","link":"https:\/\/www.chiesavaldesepalermo.it\/pa\/credere-e-resistere-a-palermo\/","title":{"rendered":"Credere e resistere a Palermo"},"content":{"rendered":"<div style=\"text-align: right;\"><em>Nel giorno dell&#8217;anniversario della strage mafiosa di Capaci, in cui furono uccisi i giudici Giovanni Falcone e Francesca Morvillo, sua moglie, insieme agli agenti di scorta\u00a0Rocco Dicillo, Antonio Montinaro e\u00a0Vito Schifani, e ferite altre ventitr\u00e9 persone, ripubblichiamo la Confessione di Fede della Chiesa Valdese di Palermo, redatta nel 1992, quando era pastore Giuseppe La Torre.<\/em><\/div>\n<div style=\"text-align: right;\"><em>\u00c8 consuetudine nelle chiese riformate la riformulazione della propria fede nel caso di eventi che sconvolgono la societ\u00e0 nella quale la chiesa \u00e8 situata ed \u00e8 chiamata a testimoniare l&#8217;amore di Dio. Cos\u00ec fece la nostra chiesa in quei giorni terribili per la citt\u00e0 di Palermo.<\/em><\/div>\n<div style=\"text-align: right;\"><em>Le frasi in grassetto sono pensate come responsoriale.<\/em><\/div>\n<div style=\"text-align: right;\"><em>(Palermo, 23 maggio 2018)<\/em><\/div>\n<div style=\"text-align: center;\"><a href=\"http:\/\/www.chiesavaldesepalermo.it\/pa\/wp-content\/uploads\/2018\/05\/image-2.jpg\"><img loading=\"lazy\" decoding=\"async\" class=\"size-full wp-image-705 aligncenter\" src=\"http:\/\/www.chiesavaldesepalermo.it\/pa\/wp-content\/uploads\/2018\/05\/image-2.jpg\" alt=\"\" width=\"890\" height=\"502\" srcset=\"https:\/\/www.chiesavaldesepalermo.it\/pa\/wp-content\/uploads\/2018\/05\/image-2.jpg 890w, https:\/\/www.chiesavaldesepalermo.it\/pa\/wp-content\/uploads\/2018\/05\/image-2-300x169.jpg 300w, https:\/\/www.chiesavaldesepalermo.it\/pa\/wp-content\/uploads\/2018\/05\/image-2-768x433.jpg 768w\" sizes=\"auto, (max-width: 890px) 100vw, 890px\" \/><\/a><\/div>\n<div><\/div>\n<div style=\"text-align: center;\"><strong>CREDERE E RESISTERE A PALERMO<\/strong><\/div>\n<div><\/div>\n<div>Crediamo nel Dio<\/div>\n<div>di cui ci ha parlato Ges\u00f9 di Nazareth,<\/div>\n<div>nel Dio<\/div>\n<div>che fa sognare nuovi cieli e nuova terra<\/div>\n<div>che apprezza i semplici e ascolta i poveri<\/div>\n<div>che giudica i superbi e sostiene i mansueti.<\/div>\n<div><strong>Egli solo ci \u00e8 Padre!<\/strong> <strong>\u00a0<\/strong><\/div>\n<div>Con lui vogliamo resistere ai signori della morte<\/div>\n<div>e crediamo che non esiste solo la scelta<\/div>\n<div>tra ammazzare ed essere ammazzati,<\/div>\n<div>ma che \u00e8 possibile lottare senza armi<\/div>\n<div>e con Lui resistere all\u2019indifferenza.<\/div>\n<div>Vogliamo resistere alla logica che sia solo possibile<\/div>\n<div>avere paura o fare paura,<\/div>\n<div>colpire o essere colpiti.<\/div>\n<div>Con Lui vogliamo credere che \u00e8 possibile<\/div>\n<div>avere coraggio e resistere,<\/div>\n<div>dare coraggio e persistere.<\/div>\n<div>\u00a0 \u00a0\u00a0<a href=\"http:\/\/www.chiesavaldesepalermo.it\/pa\/wp-content\/uploads\/2018\/05\/1-7.jpg\"><img loading=\"lazy\" decoding=\"async\" class=\"size-thumbnail wp-image-710 alignright\" src=\"http:\/\/www.chiesavaldesepalermo.it\/pa\/wp-content\/uploads\/2018\/05\/1-7-150x150.jpg\" alt=\"\" width=\"150\" height=\"150\" \/><\/a><\/div>\n<div>Crediamo che nell\u2019ebreo Ges\u00f9,<\/div>\n<div>umile falegname della Palestina<\/div>\n<div>in cui ha abitato la pienezza di Dio,<\/div>\n<div>che ha portato lo Spirito della verit\u00e0 e della giustizia,<\/div>\n<div>abbiamo trovato la via.<\/div>\n<div><strong>Egli solo ci \u00e8 Signore!<\/strong><\/div>\n<div>In Lui ora sappiamo che dobbiamo lasciare<\/div>\n<div>le vie tracciate da altri<\/div>\n<div>la via soffocata dal desiderio del quieto vivere,<\/div>\n<div>dal tornaconto e dall\u2019ammirazione per i furbi.<\/div>\n<div>Con Lui vogliamo resistere ai maestri di morte<\/div>\n<div>e crediamo che non esiste solo la scelta<\/div>\n<div>o noi o gli altri,<\/div>\n<div>ma che \u00e8 possibile<\/div>\n<div>resistere al malvagio e sconfiggere la mafia,<\/div>\n<div>non pagare tributi alla prevaricazione e alla morte.<\/div>\n<div>Con lui osiamo sognare per vedere un giorno<\/div>\n<div>tempi di giustizia e di pace,<\/div>\n<div>tempi di fratellanza e di saziet\u00e0.<\/div>\n<div><\/div>\n<div>\u00a0\u00a0<a href=\"http:\/\/www.chiesavaldesepalermo.it\/pa\/wp-content\/uploads\/2018\/05\/1IiCQHuPB12buw4dvPuNiYg-e1527066895865.jpeg\"><img loading=\"lazy\" decoding=\"async\" class=\"size-medium wp-image-712 alignright\" src=\"http:\/\/www.chiesavaldesepalermo.it\/pa\/wp-content\/uploads\/2018\/05\/1IiCQHuPB12buw4dvPuNiYg-300x150.jpeg\" alt=\"\" width=\"300\" height=\"150\" \/><\/a><\/div>\n<div>Crediamo nel dono dello Spirito di Dio,<\/div>\n<div>reale presenza di Dio,<\/div>\n<div>concreta forza della nostra resistenza,<\/div>\n<div>vero sostegno nelle momentanee sconfitte,<\/div>\n<div>coraggio nell\u2019assumere posizioni chiare<\/div>\n<div>contro ogni sopraffazione.<\/div>\n<div><strong>Egli solo ci \u00e8 guida!<\/strong><\/div>\n<div>Per Lui condanniamo<\/div>\n<div>Chi versa sangue e si fa giustizia da s\u00e9,<\/div>\n<div>riteniamo colpevole chiunque usi violenza,<\/div>\n<div>chiunque corrompa e chiunque si lascia corrompere.<\/div>\n<div>Con Lui vogliamo resistere ai giustizieri di morte<\/div>\n<div>E crediamo che non esiste solo la scelta<\/div>\n<div>O l\u2019omert\u00e0 o la morte,<\/div>\n<div>ma che \u00e8 possibile<\/div>\n<div>resistere alla paura dei ricatti e alla sfida delle lupare<\/div>\n<div>persistendo nella giustizia.<\/div>\n<div>Con Lui vogliamo sognare<\/div>\n<div>Che i fiori dei nostri campi<\/div>\n<div>E le strade dove giocano i nostri bambini<\/div>\n<div>Non saranno pi\u00f9 bagnati<\/div>\n<div>N\u00e9 da sangue innocente n\u00e9 da sangue colpevole,<\/div>\n<div>perch\u00e9 l\u2019ultima parola sar\u00e0 data alla vita.<\/div>\n<div><\/div>\n<div><strong>AMEN<\/strong><\/div>\n<div><a href=\"http:\/\/www.chiesavaldesepalermo.it\/pa\/wp-content\/uploads\/2018\/05\/resist-purple-400x174.jpg\"><img loading=\"lazy\" decoding=\"async\" class=\"size-full wp-image-706 aligncenter\" src=\"http:\/\/www.chiesavaldesepalermo.it\/pa\/wp-content\/uploads\/2018\/05\/resist-purple-400x174.jpg\" alt=\"\" width=\"400\" height=\"174\" srcset=\"https:\/\/www.chiesavaldesepalermo.it\/pa\/wp-content\/uploads\/2018\/05\/resist-purple-400x174.jpg 400w, https:\/\/www.chiesavaldesepalermo.it\/pa\/wp-content\/uploads\/2018\/05\/resist-purple-400x174-300x131.jpg 300w\" sizes=\"auto, (max-width: 400px) 100vw, 400px\" \/><\/a><\/div>\n","protected":false},"excerpt":{"rendered":"<p>Nel giorno dell&#8217;anniversario della strage mafiosa di Capaci, in cui furono uccisi i giudici Giovanni Falcone e Francesca Morvillo, sua moglie, insieme agli agenti di scorta\u00a0Rocco Dicillo, Antonio Montinaro e\u00a0Vito [&hellip;]<\/p>\n","protected":false},"author":2,"featured_media":706,"comment_status":"open","ping_status":"closed","sticky":false,"template":"","format":"standard","meta":{"_EventAllDay":false,"_EventTimezone":"","_EventStartDate":"","_EventEndDate":"","_EventStartDateUTC":"","_EventEndDateUTC":"","_EventShowMap":false,"_EventShowMapLink":false,"_EventURL":"","_EventCost":"","_EventCostDescription":"","_EventCurrencySymbol":"","_EventCurrencyCode":"","_EventCurrencyPosition":"","_EventDateTimeSeparator":"","_EventTimeRangeSeparator":"","_EventOrganizerID":[],"_EventVenueID":[],"_OrganizerEmail":"","_OrganizerPhone":"","_OrganizerWebsite":"","_VenueAddress":"","_VenueCity":"","_VenueCountry":"","_VenueProvince":"","_VenueState":"","_VenueZip":"","_VenuePhone":"","_VenueURL":"","_VenueStateProvince":"","_VenueLat":"","_VenueLng":"","_VenueShowMap":false,"_VenueShowMapLink":false,"footnotes":""},"categories":[4],"tags":[],"class_list":{"0":"post-704","1":"post","2":"type-post","3":"status-publish","4":"format-standard","5":"has-post-thumbnail","7":"category-aggiornamenti","8":"czr-hentry"},"yoast_head":"<!-- This site is optimized with the Yoast SEO plugin v27.4 - https:\/\/yoast.com\/product\/yoast-seo-wordpress\/ -->\n<title>Credere e resistere a Palermo - Chiesa Valdese Palermo<\/title>\n<meta name=\"robots\" content=\"index, follow, max-snippet:-1, max-image-preview:large, max-video-preview:-1\" \/>\n<link rel=\"canonical\" href=\"https:\/\/www.chiesavaldesepalermo.it\/pa\/credere-e-resistere-a-palermo\/\" \/>\n<meta property=\"og:locale\" content=\"it_IT\" \/>\n<meta property=\"og:type\" content=\"article\" \/>\n<meta property=\"og:title\" content=\"Credere e resistere a Palermo - Chiesa Valdese Palermo\" \/>\n<meta property=\"og:description\" content=\"Nel giorno dell&#8217;anniversario della strage mafiosa di Capaci, in cui furono uccisi i giudici Giovanni Falcone e Francesca Morvillo, sua moglie, insieme agli agenti di scorta\u00a0Rocco Dicillo, Antonio Montinaro e\u00a0Vito [&hellip;]\" \/>\n<meta property=\"og:url\" content=\"https:\/\/www.chiesavaldesepalermo.it\/pa\/credere-e-resistere-a-palermo\/\" \/>\n<meta property=\"og:site_name\" content=\"Chiesa Valdese Palermo\" \/>\n<meta property=\"article:publisher\" content=\"https:\/\/www.facebook.com\/chiesavaldese.dipalermo\/\" \/>\n<meta property=\"article:published_time\" content=\"2018-05-23T09:16:20+00:00\" \/>\n<meta property=\"article:modified_time\" content=\"2018-05-23T09:19:11+00:00\" \/>\n<meta property=\"og:image\" content=\"https:\/\/www.chiesavaldesepalermo.it\/pa\/wp-content\/uploads\/2018\/05\/resist-purple-400x174.jpg\" \/>\n\t<meta property=\"og:image:width\" content=\"400\" \/>\n\t<meta property=\"og:image:height\" content=\"174\" \/>\n\t<meta property=\"og:image:type\" content=\"image\/jpeg\" \/>\n<meta name=\"author\" content=\"Peter Ciaccio\" \/>\n<meta name=\"twitter:card\" content=\"summary_large_image\" \/>\n<meta name=\"twitter:creator\" content=\"@ValdesePa\" \/>\n<meta name=\"twitter:site\" content=\"@ValdesePa\" \/>\n<meta name=\"twitter:label1\" content=\"Scritto da\" \/>\n\t<meta name=\"twitter:data1\" content=\"Peter Ciaccio\" \/>\n\t<meta name=\"twitter:label2\" content=\"Tempo di lettura stimato\" \/>\n\t<meta name=\"twitter:data2\" content=\"2 minuti\" \/>\n<script type=\"application\/ld+json\" class=\"yoast-schema-graph\">{\"@context\":\"https:\\\/\\\/schema.org\",\"@graph\":[{\"@type\":\"Article\",\"@id\":\"https:\\\/\\\/www.chiesavaldesepalermo.it\\\/pa\\\/credere-e-resistere-a-palermo\\\/#article\",\"isPartOf\":{\"@id\":\"https:\\\/\\\/www.chiesavaldesepalermo.it\\\/pa\\\/credere-e-resistere-a-palermo\\\/\"},\"author\":{\"name\":\"Peter Ciaccio\",\"@id\":\"https:\\\/\\\/www.chiesavaldesepalermo.it\\\/pa\\\/#\\\/schema\\\/person\\\/779bfd48e74274424d076bd839792e66\"},\"headline\":\"Credere e resistere a Palermo\",\"datePublished\":\"2018-05-23T09:16:20+00:00\",\"dateModified\":\"2018-05-23T09:19:11+00:00\",\"mainEntityOfPage\":{\"@id\":\"https:\\\/\\\/www.chiesavaldesepalermo.it\\\/pa\\\/credere-e-resistere-a-palermo\\\/\"},\"wordCount\":482,\"commentCount\":0,\"publisher\":{\"@id\":\"https:\\\/\\\/www.chiesavaldesepalermo.it\\\/pa\\\/#organization\"},\"image\":{\"@id\":\"https:\\\/\\\/www.chiesavaldesepalermo.it\\\/pa\\\/credere-e-resistere-a-palermo\\\/#primaryimage\"},\"thumbnailUrl\":\"https:\\\/\\\/www.chiesavaldesepalermo.it\\\/pa\\\/wp-content\\\/uploads\\\/2018\\\/05\\\/resist-purple-400x174.jpg\",\"articleSection\":[\"Aggiornamenti\"],\"inLanguage\":\"it-IT\",\"potentialAction\":[{\"@type\":\"CommentAction\",\"name\":\"Comment\",\"target\":[\"https:\\\/\\\/www.chiesavaldesepalermo.it\\\/pa\\\/credere-e-resistere-a-palermo\\\/#respond\"]}]},{\"@type\":\"WebPage\",\"@id\":\"https:\\\/\\\/www.chiesavaldesepalermo.it\\\/pa\\\/credere-e-resistere-a-palermo\\\/\",\"url\":\"https:\\\/\\\/www.chiesavaldesepalermo.it\\\/pa\\\/credere-e-resistere-a-palermo\\\/\",\"name\":\"Credere e resistere a Palermo - Chiesa Valdese Palermo\",\"isPartOf\":{\"@id\":\"https:\\\/\\\/www.chiesavaldesepalermo.it\\\/pa\\\/#website\"},\"primaryImageOfPage\":{\"@id\":\"https:\\\/\\\/www.chiesavaldesepalermo.it\\\/pa\\\/credere-e-resistere-a-palermo\\\/#primaryimage\"},\"image\":{\"@id\":\"https:\\\/\\\/www.chiesavaldesepalermo.it\\\/pa\\\/credere-e-resistere-a-palermo\\\/#primaryimage\"},\"thumbnailUrl\":\"https:\\\/\\\/www.chiesavaldesepalermo.it\\\/pa\\\/wp-content\\\/uploads\\\/2018\\\/05\\\/resist-purple-400x174.jpg\",\"datePublished\":\"2018-05-23T09:16:20+00:00\",\"dateModified\":\"2018-05-23T09:19:11+00:00\",\"breadcrumb\":{\"@id\":\"https:\\\/\\\/www.chiesavaldesepalermo.it\\\/pa\\\/credere-e-resistere-a-palermo\\\/#breadcrumb\"},\"inLanguage\":\"it-IT\",\"potentialAction\":[{\"@type\":\"ReadAction\",\"target\":[\"https:\\\/\\\/www.chiesavaldesepalermo.it\\\/pa\\\/credere-e-resistere-a-palermo\\\/\"]}]},{\"@type\":\"ImageObject\",\"inLanguage\":\"it-IT\",\"@id\":\"https:\\\/\\\/www.chiesavaldesepalermo.it\\\/pa\\\/credere-e-resistere-a-palermo\\\/#primaryimage\",\"url\":\"https:\\\/\\\/www.chiesavaldesepalermo.it\\\/pa\\\/wp-content\\\/uploads\\\/2018\\\/05\\\/resist-purple-400x174.jpg\",\"contentUrl\":\"https:\\\/\\\/www.chiesavaldesepalermo.it\\\/pa\\\/wp-content\\\/uploads\\\/2018\\\/05\\\/resist-purple-400x174.jpg\",\"width\":400,\"height\":174},{\"@type\":\"BreadcrumbList\",\"@id\":\"https:\\\/\\\/www.chiesavaldesepalermo.it\\\/pa\\\/credere-e-resistere-a-palermo\\\/#breadcrumb\",\"itemListElement\":[{\"@type\":\"ListItem\",\"position\":1,\"name\":\"Home\",\"item\":\"https:\\\/\\\/www.chiesavaldesepalermo.it\\\/pa\\\/\"},{\"@type\":\"ListItem\",\"position\":2,\"name\":\"Credere e resistere a Palermo\"}]},{\"@type\":\"WebSite\",\"@id\":\"https:\\\/\\\/www.chiesavaldesepalermo.it\\\/pa\\\/#website\",\"url\":\"https:\\\/\\\/www.chiesavaldesepalermo.it\\\/pa\\\/\",\"name\":\"Chiesa Valdese Palermo\",\"description\":\"Portale online della chiesa valdese di Palermo\",\"publisher\":{\"@id\":\"https:\\\/\\\/www.chiesavaldesepalermo.it\\\/pa\\\/#organization\"},\"potentialAction\":[{\"@type\":\"SearchAction\",\"target\":{\"@type\":\"EntryPoint\",\"urlTemplate\":\"https:\\\/\\\/www.chiesavaldesepalermo.it\\\/pa\\\/?s={search_term_string}\"},\"query-input\":{\"@type\":\"PropertyValueSpecification\",\"valueRequired\":true,\"valueName\":\"search_term_string\"}}],\"inLanguage\":\"it-IT\"},{\"@type\":\"Organization\",\"@id\":\"https:\\\/\\\/www.chiesavaldesepalermo.it\\\/pa\\\/#organization\",\"name\":\"Chiesa Valdese di Palermo\",\"url\":\"https:\\\/\\\/www.chiesavaldesepalermo.it\\\/pa\\\/\",\"logo\":{\"@type\":\"ImageObject\",\"inLanguage\":\"it-IT\",\"@id\":\"https:\\\/\\\/www.chiesavaldesepalermo.it\\\/pa\\\/#\\\/schema\\\/logo\\\/image\\\/\",\"url\":\"https:\\\/\\\/www.chiesavaldesepalermo.it\\\/pa\\\/wp-content\\\/uploads\\\/2021\\\/01\\\/chiesa-valdese-min-scaled.jpg\",\"contentUrl\":\"https:\\\/\\\/www.chiesavaldesepalermo.it\\\/pa\\\/wp-content\\\/uploads\\\/2021\\\/01\\\/chiesa-valdese-min-scaled.jpg\",\"width\":2560,\"height\":1570,\"caption\":\"Chiesa Valdese di Palermo\"},\"image\":{\"@id\":\"https:\\\/\\\/www.chiesavaldesepalermo.it\\\/pa\\\/#\\\/schema\\\/logo\\\/image\\\/\"},\"sameAs\":[\"https:\\\/\\\/www.facebook.com\\\/chiesavaldese.dipalermo\\\/\",\"https:\\\/\\\/x.com\\\/ValdesePa\",\"https:\\\/\\\/it.pinterest.com\\\/chiesavaldesepalermo\\\/\",\"https:\\\/\\\/it.wikipedia.org\\\/wiki\\\/Chiesa_evangelica_valdese#\\\/media\\\/File:Palermo-Chiesa-Valdese-bjs2007-01.jpg\"]},{\"@type\":\"Person\",\"@id\":\"https:\\\/\\\/www.chiesavaldesepalermo.it\\\/pa\\\/#\\\/schema\\\/person\\\/779bfd48e74274424d076bd839792e66\",\"name\":\"Peter Ciaccio\",\"image\":{\"@type\":\"ImageObject\",\"inLanguage\":\"it-IT\",\"@id\":\"https:\\\/\\\/secure.gravatar.com\\\/avatar\\\/03620a5901222cea7c4f989168aa516457e976d18873c52de1efd8c5288e437e?s=96&d=mm&r=g\",\"url\":\"https:\\\/\\\/secure.gravatar.com\\\/avatar\\\/03620a5901222cea7c4f989168aa516457e976d18873c52de1efd8c5288e437e?s=96&d=mm&r=g\",\"contentUrl\":\"https:\\\/\\\/secure.gravatar.com\\\/avatar\\\/03620a5901222cea7c4f989168aa516457e976d18873c52de1efd8c5288e437e?s=96&d=mm&r=g\",\"caption\":\"Peter Ciaccio\"},\"url\":\"https:\\\/\\\/www.chiesavaldesepalermo.it\\\/pa\\\/author\\\/pciaccio\\\/\"}]}<\/script>\n<!-- \/ Yoast SEO plugin. -->","yoast_head_json":{"title":"Credere e resistere a Palermo - Chiesa Valdese Palermo","robots":{"index":"index","follow":"follow","max-snippet":"max-snippet:-1","max-image-preview":"max-image-preview:large","max-video-preview":"max-video-preview:-1"},"canonical":"https:\/\/www.chiesavaldesepalermo.it\/pa\/credere-e-resistere-a-palermo\/","og_locale":"it_IT","og_type":"article","og_title":"Credere e resistere a Palermo - Chiesa Valdese Palermo","og_description":"Nel giorno dell&#8217;anniversario della strage mafiosa di Capaci, in cui furono uccisi i giudici Giovanni Falcone e Francesca Morvillo, sua moglie, insieme agli agenti di scorta\u00a0Rocco Dicillo, Antonio Montinaro e\u00a0Vito [&hellip;]","og_url":"https:\/\/www.chiesavaldesepalermo.it\/pa\/credere-e-resistere-a-palermo\/","og_site_name":"Chiesa Valdese Palermo","article_publisher":"https:\/\/www.facebook.com\/chiesavaldese.dipalermo\/","article_published_time":"2018-05-23T09:16:20+00:00","article_modified_time":"2018-05-23T09:19:11+00:00","og_image":[{"width":400,"height":174,"url":"https:\/\/www.chiesavaldesepalermo.it\/pa\/wp-content\/uploads\/2018\/05\/resist-purple-400x174.jpg","type":"image\/jpeg"}],"author":"Peter Ciaccio","twitter_card":"summary_large_image","twitter_creator":"@ValdesePa","twitter_site":"@ValdesePa","twitter_misc":{"Scritto da":"Peter Ciaccio","Tempo di lettura stimato":"2 minuti"},"schema":{"@context":"https:\/\/schema.org","@graph":[{"@type":"Article","@id":"https:\/\/www.chiesavaldesepalermo.it\/pa\/credere-e-resistere-a-palermo\/#article","isPartOf":{"@id":"https:\/\/www.chiesavaldesepalermo.it\/pa\/credere-e-resistere-a-palermo\/"},"author":{"name":"Peter Ciaccio","@id":"https:\/\/www.chiesavaldesepalermo.it\/pa\/#\/schema\/person\/779bfd48e74274424d076bd839792e66"},"headline":"Credere e resistere a Palermo","datePublished":"2018-05-23T09:16:20+00:00","dateModified":"2018-05-23T09:19:11+00:00","mainEntityOfPage":{"@id":"https:\/\/www.chiesavaldesepalermo.it\/pa\/credere-e-resistere-a-palermo\/"},"wordCount":482,"commentCount":0,"publisher":{"@id":"https:\/\/www.chiesavaldesepalermo.it\/pa\/#organization"},"image":{"@id":"https:\/\/www.chiesavaldesepalermo.it\/pa\/credere-e-resistere-a-palermo\/#primaryimage"},"thumbnailUrl":"https:\/\/www.chiesavaldesepalermo.it\/pa\/wp-content\/uploads\/2018\/05\/resist-purple-400x174.jpg","articleSection":["Aggiornamenti"],"inLanguage":"it-IT","potentialAction":[{"@type":"CommentAction","name":"Comment","target":["https:\/\/www.chiesavaldesepalermo.it\/pa\/credere-e-resistere-a-palermo\/#respond"]}]},{"@type":"WebPage","@id":"https:\/\/www.chiesavaldesepalermo.it\/pa\/credere-e-resistere-a-palermo\/","url":"https:\/\/www.chiesavaldesepalermo.it\/pa\/credere-e-resistere-a-palermo\/","name":"Credere e resistere a Palermo - Chiesa Valdese Palermo","isPartOf":{"@id":"https:\/\/www.chiesavaldesepalermo.it\/pa\/#website"},"primaryImageOfPage":{"@id":"https:\/\/www.chiesavaldesepalermo.it\/pa\/credere-e-resistere-a-palermo\/#primaryimage"},"image":{"@id":"https:\/\/www.chiesavaldesepalermo.it\/pa\/credere-e-resistere-a-palermo\/#primaryimage"},"thumbnailUrl":"https:\/\/www.chiesavaldesepalermo.it\/pa\/wp-content\/uploads\/2018\/05\/resist-purple-400x174.jpg","datePublished":"2018-05-23T09:16:20+00:00","dateModified":"2018-05-23T09:19:11+00:00","breadcrumb":{"@id":"https:\/\/www.chiesavaldesepalermo.it\/pa\/credere-e-resistere-a-palermo\/#breadcrumb"},"inLanguage":"it-IT","potentialAction":[{"@type":"ReadAction","target":["https:\/\/www.chiesavaldesepalermo.it\/pa\/credere-e-resistere-a-palermo\/"]}]},{"@type":"ImageObject","inLanguage":"it-IT","@id":"https:\/\/www.chiesavaldesepalermo.it\/pa\/credere-e-resistere-a-palermo\/#primaryimage","url":"https:\/\/www.chiesavaldesepalermo.it\/pa\/wp-content\/uploads\/2018\/05\/resist-purple-400x174.jpg","contentUrl":"https:\/\/www.chiesavaldesepalermo.it\/pa\/wp-content\/uploads\/2018\/05\/resist-purple-400x174.jpg","width":400,"height":174},{"@type":"BreadcrumbList","@id":"https:\/\/www.chiesavaldesepalermo.it\/pa\/credere-e-resistere-a-palermo\/#breadcrumb","itemListElement":[{"@type":"ListItem","position":1,"name":"Home","item":"https:\/\/www.chiesavaldesepalermo.it\/pa\/"},{"@type":"ListItem","position":2,"name":"Credere e resistere a Palermo"}]},{"@type":"WebSite","@id":"https:\/\/www.chiesavaldesepalermo.it\/pa\/#website","url":"https:\/\/www.chiesavaldesepalermo.it\/pa\/","name":"Chiesa Valdese Palermo","description":"Portale online della chiesa valdese di Palermo","publisher":{"@id":"https:\/\/www.chiesavaldesepalermo.it\/pa\/#organization"},"potentialAction":[{"@type":"SearchAction","target":{"@type":"EntryPoint","urlTemplate":"https:\/\/www.chiesavaldesepalermo.it\/pa\/?s={search_term_string}"},"query-input":{"@type":"PropertyValueSpecification","valueRequired":true,"valueName":"search_term_string"}}],"inLanguage":"it-IT"},{"@type":"Organization","@id":"https:\/\/www.chiesavaldesepalermo.it\/pa\/#organization","name":"Chiesa Valdese di Palermo","url":"https:\/\/www.chiesavaldesepalermo.it\/pa\/","logo":{"@type":"ImageObject","inLanguage":"it-IT","@id":"https:\/\/www.chiesavaldesepalermo.it\/pa\/#\/schema\/logo\/image\/","url":"https:\/\/www.chiesavaldesepalermo.it\/pa\/wp-content\/uploads\/2021\/01\/chiesa-valdese-min-scaled.jpg","contentUrl":"https:\/\/www.chiesavaldesepalermo.it\/pa\/wp-content\/uploads\/2021\/01\/chiesa-valdese-min-scaled.jpg","width":2560,"height":1570,"caption":"Chiesa Valdese di Palermo"},"image":{"@id":"https:\/\/www.chiesavaldesepalermo.it\/pa\/#\/schema\/logo\/image\/"},"sameAs":["https:\/\/www.facebook.com\/chiesavaldese.dipalermo\/","https:\/\/x.com\/ValdesePa","https:\/\/it.pinterest.com\/chiesavaldesepalermo\/","https:\/\/it.wikipedia.org\/wiki\/Chiesa_evangelica_valdese#\/media\/File:Palermo-Chiesa-Valdese-bjs2007-01.jpg"]},{"@type":"Person","@id":"https:\/\/www.chiesavaldesepalermo.it\/pa\/#\/schema\/person\/779bfd48e74274424d076bd839792e66","name":"Peter Ciaccio","image":{"@type":"ImageObject","inLanguage":"it-IT","@id":"https:\/\/secure.gravatar.com\/avatar\/03620a5901222cea7c4f989168aa516457e976d18873c52de1efd8c5288e437e?s=96&d=mm&r=g","url":"https:\/\/secure.gravatar.com\/avatar\/03620a5901222cea7c4f989168aa516457e976d18873c52de1efd8c5288e437e?s=96&d=mm&r=g","contentUrl":"https:\/\/secure.gravatar.com\/avatar\/03620a5901222cea7c4f989168aa516457e976d18873c52de1efd8c5288e437e?s=96&d=mm&r=g","caption":"Peter Ciaccio"},"url":"https:\/\/www.chiesavaldesepalermo.it\/pa\/author\/pciaccio\/"}]}},"_links":{"self":[{"href":"https:\/\/www.chiesavaldesepalermo.it\/pa\/wp-json\/wp\/v2\/posts\/704","targetHints":{"allow":["GET"]}}],"collection":[{"href":"https:\/\/www.chiesavaldesepalermo.it\/pa\/wp-json\/wp\/v2\/posts"}],"about":[{"href":"https:\/\/www.chiesavaldesepalermo.it\/pa\/wp-json\/wp\/v2\/types\/post"}],"author":[{"embeddable":true,"href":"https:\/\/www.chiesavaldesepalermo.it\/pa\/wp-json\/wp\/v2\/users\/2"}],"replies":[{"embeddable":true,"href":"https:\/\/www.chiesavaldesepalermo.it\/pa\/wp-json\/wp\/v2\/comments?post=704"}],"version-history":[{"count":6,"href":"https:\/\/www.chiesavaldesepalermo.it\/pa\/wp-json\/wp\/v2\/posts\/704\/revisions"}],"predecessor-version":[{"id":714,"href":"https:\/\/www.chiesavaldesepalermo.it\/pa\/wp-json\/wp\/v2\/posts\/704\/revisions\/714"}],"wp:featuredmedia":[{"embeddable":true,"href":"https:\/\/www.chiesavaldesepalermo.it\/pa\/wp-json\/wp\/v2\/media\/706"}],"wp:attachment":[{"href":"https:\/\/www.chiesavaldesepalermo.it\/pa\/wp-json\/wp\/v2\/media?parent=704"}],"wp:term":[{"taxonomy":"category","embeddable":true,"href":"https:\/\/www.chiesavaldesepalermo.it\/pa\/wp-json\/wp\/v2\/categories?post=704"},{"taxonomy":"post_tag","embeddable":true,"href":"https:\/\/www.chiesavaldesepalermo.it\/pa\/wp-json\/wp\/v2\/tags?post=704"}],"curies":[{"name":"wp","href":"https:\/\/api.w.org\/{rel}","templated":true}]}}